{"id":11122,"date":"2020-12-14T14:00:00","date_gmt":"2020-12-14T14:00:00","guid":{"rendered":"https:\/\/ataa.kuarkz.com\/ataa-dernegi-kadina-yonelik-siddete-karsi-uluslararasi-mucadele-gunune-katildi\/"},"modified":"2020-12-14T14:00:00","modified_gmt":"2020-12-14T14:00:00","slug":"ataa-dernegi-kadina-yonelik-siddete-karsi-uluslararasi-mucadele-gunune-katildi","status":"publish","type":"post","link":"https:\/\/ataarelief.org\/tr\/ataa-dernegi-kadina-yonelik-siddete-karsi-uluslararasi-mucadele-gunune-katildi\/","title":{"rendered":"ATAA Derne\u011fi, Kad\u0131na Y\u00f6nelik \u015eiddete Kar\u015f\u0131 Uluslararas\u0131 M\u00fccadele G\u00fcn\u00fc&#8217;ne Kat\u0131ld\u0131"},"content":{"rendered":"<h4><strong>ATAA \u0130nsani Yard\u0131mla\u015fma Derne\u011fi, <\/strong><strong>Suriye\u2019nin kuzeyinde ve T\u00fcrkiye\u2019nin g\u00fcneyinde ger\u00e7ekle\u015ftirdi\u011fi faaliyetler ile <\/strong>Birle\u015fmi\u015f Milletler Kad\u0131n Biriminin\u00a0(UN Women) d\u00fcnya \u00e7ap\u0131nda her y\u0131l ger\u00e7ekle\u015ftirdi\u011fi ve 16 g\u00fcn s\u00fcren &#8221; Kad\u0131na Y\u00f6nelik \u015eiddete Kar\u015f\u0131 Uluslararas\u0131 M\u00fccadele G\u00fcn\u00fc&#8221; kampanyas\u0131na, kat\u0131l\u0131m sa\u011flad\u0131.<\/h4>\n<p><img fetchpriority=\"high\" decoding=\"async\" class=\"alignnone size-full wp-image-2710\" src=\"https:\/\/ataa.kuarkz.com\/wp-content\/uploads\/2020\/12\/130741265_1574999416022765_3466846947656548575_o.jpg\" alt=\"\" width=\"1600\" height=\"811\" srcset=\"https:\/\/ataarelief.org\/wp-content\/uploads\/2020\/12\/130741265_1574999416022765_3466846947656548575_o.jpg 1600w, https:\/\/ataarelief.org\/wp-content\/uploads\/2020\/12\/130741265_1574999416022765_3466846947656548575_o-1080x547.jpg 1080w, https:\/\/ataarelief.org\/wp-content\/uploads\/2020\/12\/130741265_1574999416022765_3466846947656548575_o-300x152.jpg 300w, https:\/\/ataarelief.org\/wp-content\/uploads\/2020\/12\/130741265_1574999416022765_3466846947656548575_o-768x389.jpg 768w\" sizes=\"(max-width: 1600px) 100vw, 1600px\" \/><\/p>\n<h4><strong>Birle\u015fmi\u015f Milletler Genel Sekreterli\u011fi, kad\u0131nlara y\u00f6nelik \u015fiddeti sonland\u0131rmay\u0131 hedefledi\u011fi kampanyay\u0131 \u201cD\u00fcnyay\u0131 Turuncuya Boya\u201d temas\u0131 ile 16 g\u00fcn s\u00fcren faaliyetler kapsam\u0131nda d\u00fczenliyor. Turuncu renk, kad\u0131na \u015fiddetten uzak, daha iyi bir gelece\u011fi temsil ediyor.<\/strong><\/h4>\n<h4><strong>Bu kapsamda ATAA Derne\u011fi, kad\u0131na y\u00f6nelik \u015fiddette kar\u015f\u0131 bir\u00e7ok faaliyet ba\u015flatt\u0131. Suriye\u2019nin kuzeyinde bulunan Atme \u015fehri kamplar\u0131nda kad\u0131nlara ve k\u0131zlara y\u00f6nelik \u015fiddetin sona ermesi i\u00e7in fark\u0131ndal\u0131k olu\u015fturmak amac\u0131yla d\u00fczenlenen seminere bir\u00e7ok kad\u0131n kat\u0131ld\u0131. Seminerde, kad\u0131n\u0131n toplumdaki rol\u00fcn\u00fcn \u00f6nemi ve \u00e7e\u015fitli \u00e7al\u0131\u015fma alanlar\u0131ndaki deste\u011finin gereklili\u011fi konu\u015fuldu. Seminer ATAA Derne\u011fi kadrosu ve \u00e7al\u0131\u015fanlar\u0131na topluma sunduklar\u0131 hizmet i\u00e7in te\u015fekk\u00fcr edilerek tamamland\u0131.<\/strong><\/h4>\n<p><img decoding=\"async\" class=\"alignnone size-full wp-image-2708\" src=\"https:\/\/ataa.kuarkz.com\/wp-content\/uploads\/2020\/12\/130778763_1574999836022723_3576647121382378396_o.jpg\" alt=\"\" width=\"1535\" height=\"1080\" srcset=\"https:\/\/ataarelief.org\/wp-content\/uploads\/2020\/12\/130778763_1574999836022723_3576647121382378396_o.jpg 1535w, https:\/\/ataarelief.org\/wp-content\/uploads\/2020\/12\/130778763_1574999836022723_3576647121382378396_o-1080x760.jpg 1080w, https:\/\/ataarelief.org\/wp-content\/uploads\/2020\/12\/130778763_1574999836022723_3576647121382378396_o-300x211.jpg 300w, https:\/\/ataarelief.org\/wp-content\/uploads\/2020\/12\/130778763_1574999836022723_3576647121382378396_o-768x540.jpg 768w\" sizes=\"(max-width: 1535px) 100vw, 1535px\" \/><\/p>\n<h4><strong>Bir ba\u015fka bilin\u00e7lendirme faaliyeti olarak, \u015eanl\u0131urfa ilindeki k\u00fclt\u00fcr merkezleri taraf\u0131ndan gen\u00e7 k\u0131zlar\u0131n kat\u0131ld\u0131\u011f\u0131 kad\u0131na \u015fiddete kar\u015f\u0131 \u201cdiyalog oturumu\u201d ger\u00e7ekle\u015ftirildi. Oturum cinsiyete dayal\u0131 \u015fiddet konusunda fark\u0131ndal\u0131k olu\u015fturmak ve kad\u0131na kar\u015f\u0131 \u015fiddetin insan haklar\u0131 ihlali olarak tan\u0131nmas\u0131n\u0131 sa\u011flamak i\u00e7in bir roman\u0131n okumas\u0131n\u0131 kapsad\u0131. Oturum kad\u0131n\u0131n toplumdaki rol\u00fcn\u00fcn ve onurunun korunmas\u0131n\u0131n \u00f6nemi dile getirilerek tamamland\u0131.<\/strong><\/h4>\n<p><img decoding=\"async\" class=\"alignnone size-full wp-image-2716\" src=\"https:\/\/ataa.kuarkz.com\/wp-content\/uploads\/2020\/12\/130786500_1575741365948570_4517106567382071874_o.jpg\" alt=\"\" width=\"1600\" height=\"900\" srcset=\"https:\/\/ataarelief.org\/wp-content\/uploads\/2020\/12\/130786500_1575741365948570_4517106567382071874_o.jpg 1600w, https:\/\/ataarelief.org\/wp-content\/uploads\/2020\/12\/130786500_1575741365948570_4517106567382071874_o-1080x608.jpg 1080w, https:\/\/ataarelief.org\/wp-content\/uploads\/2020\/12\/130786500_1575741365948570_4517106567382071874_o-300x169.jpg 300w, https:\/\/ataarelief.org\/wp-content\/uploads\/2020\/12\/130786500_1575741365948570_4517106567382071874_o-768x432.jpg 768w\" sizes=\"(max-width: 1600px) 100vw, 1600px\" \/><\/p>\n<h4><strong>ATAA Derne\u011fi Savunuculuk Birimi M\u00fcd\u00fcr\u00fc Diyma Maaravi, T\u00fcrkiye ve Suriye\u2019nin kuzeyindeki kad\u0131nlar\u0131n bir\u00e7ok zorluk ve tehditle kar\u015f\u0131 kar\u015f\u0131ya kald\u0131\u011f\u0131n\u0131, kad\u0131nlar\u0131n \u00e7o\u011funun g\u00fcvenlik sorunu nedeniyle \u00f6zg\u00fcrce hareket edemediklerini, buna ek olarak toplumdaki rollerini etkinle\u015ftirmeye destek sa\u011flayan bar\u0131\u015f\u00e7\u0131l ortam\u0131n sa\u011flanamad\u0131\u011f\u0131n\u0131 belirtti.<\/strong><\/h4>\n<p>&nbsp;<\/p>\n<h4><strong>Ayr\u0131ca Maaravi, sava\u015f nedeniyle bir\u00e7ok Suriyeli ailenin evin ge\u00e7imini sa\u011flayan ki\u015fiyi kaybetti\u011fini ve ailenin ge\u00e7im sorumlulu\u011funu kad\u0131nlar\u0131n \u00fczerine kald\u0131\u011f\u0131n\u0131 belirterek, kad\u0131nlar\u0131n i\u015f hayat\u0131nda bir\u00e7ok zorlukla kar\u015f\u0131 kar\u015f\u0131ya kald\u0131\u011f\u0131na i\u015faret etti.<\/strong><\/h4>\n<p>&nbsp;<\/p>\n<h4><strong>ATAA Derne\u011fi kuruldu\u011fu 2013 y\u0131l\u0131ndan beri, insani yard\u0131m organizasyonu misyonunun bir gere\u011fi olarak kad\u0131nlar\u0131n desteklenmesine ve korunmas\u0131na katk\u0131 sa\u011flayan \u00e7al\u0131\u015fmalar y\u00fcr\u00fctmektedir. T\u00fcrkiye\u2019nin g\u00fcneyinde ve Suriye\u2019nin kuzeyinde k\u00fclt\u00fcr merkezleri arac\u0131l\u0131\u011f\u0131yla bir\u00e7ok proje hayata ge\u00e7irildi.\u00a0 Bu kapsamda kad\u0131nlar\u0131n rol\u00fcn\u00fc etkinle\u015ftirmek, toplumdaki kal\u0131c\u0131l\u0131klar\u0131n\u0131 g\u00fc\u00e7lendirmek i\u00e7in mesleki e\u011fitim kurslar\u0131 (diki\u015f kursu, bilgisayar kursu, dan\u0131\u015fmanl\u0131k ve psikolojik destek hizmeti, hem\u015firelik, e\u011fitim ve k\u00fclt\u00fcr seminerleri) d\u00fczenlendi.<\/strong><\/h4>\n<p><img loading=\"lazy\" decoding=\"async\" class=\"alignnone size-full wp-image-2707\" src=\"https:\/\/ataa.kuarkz.com\/wp-content\/uploads\/2020\/12\/130928116_1575740969281943_2064551695682270232_o.jpg\" alt=\"\" width=\"1600\" height=\"900\" srcset=\"https:\/\/ataarelief.org\/wp-content\/uploads\/2020\/12\/130928116_1575740969281943_2064551695682270232_o.jpg 1600w, https:\/\/ataarelief.org\/wp-content\/uploads\/2020\/12\/130928116_1575740969281943_2064551695682270232_o-1080x608.jpg 1080w, https:\/\/ataarelief.org\/wp-content\/uploads\/2020\/12\/130928116_1575740969281943_2064551695682270232_o-300x169.jpg 300w, https:\/\/ataarelief.org\/wp-content\/uploads\/2020\/12\/130928116_1575740969281943_2064551695682270232_o-768x432.jpg 768w\" sizes=\"(max-width: 1600px) 100vw, 1600px\" \/><\/p>\n<p>&nbsp;<\/p>\n<h4><strong> <img loading=\"lazy\" decoding=\"async\" class=\"alignnone size-full wp-image-2709\" src=\"https:\/\/ataa.kuarkz.com\/wp-content\/uploads\/2020\/12\/130680504_1574999826022724_1633875078512780875_o.jpg\" alt=\"\" width=\"1564\" height=\"1080\" srcset=\"https:\/\/ataarelief.org\/wp-content\/uploads\/2020\/12\/130680504_1574999826022724_1633875078512780875_o.jpg 1564w, https:\/\/ataarelief.org\/wp-content\/uploads\/2020\/12\/130680504_1574999826022724_1633875078512780875_o-1080x746.jpg 1080w, https:\/\/ataarelief.org\/wp-content\/uploads\/2020\/12\/130680504_1574999826022724_1633875078512780875_o-300x207.jpg 300w, https:\/\/ataarelief.org\/wp-content\/uploads\/2020\/12\/130680504_1574999826022724_1633875078512780875_o-768x530.jpg 768w\" sizes=\"(max-width: 1564px) 100vw, 1564px\" \/><\/strong><\/h4>\n<p>&nbsp;<\/p>\n<p><img loading=\"lazy\" decoding=\"async\" class=\"alignnone size-full wp-image-2715\" src=\"https:\/\/ataa.kuarkz.com\/wp-content\/uploads\/2020\/12\/believe-survivors_Arabic.png\" alt=\"\" width=\"1080\" height=\"1080\" srcset=\"https:\/\/ataarelief.org\/wp-content\/uploads\/2020\/12\/believe-survivors_Arabic.png 1080w, https:\/\/ataarelief.org\/wp-content\/uploads\/2020\/12\/believe-survivors_Arabic-540x540.png 540w, https:\/\/ataarelief.org\/wp-content\/uploads\/2020\/12\/believe-survivors_Arabic-240x240.png 240w, https:\/\/ataarelief.org\/wp-content\/uploads\/2020\/12\/believe-survivors_Arabic-300x300.png 300w, https:\/\/ataarelief.org\/wp-content\/uploads\/2020\/12\/believe-survivors_Arabic-768x768.png 768w, https:\/\/ataarelief.org\/wp-content\/uploads\/2020\/12\/believe-survivors_Arabic-16x16.png 16w\" sizes=\"(max-width: 1080px) 100vw, 1080px\" \/><\/p>\n<p><img loading=\"lazy\" decoding=\"async\" class=\"alignnone size-full wp-image-2714\" src=\"https:\/\/ataa.kuarkz.com\/wp-content\/uploads\/2020\/12\/Eo5VccJXUAsYkkm.png\" alt=\"\" width=\"1080\" height=\"1080\" srcset=\"https:\/\/ataarelief.org\/wp-content\/uploads\/2020\/12\/Eo5VccJXUAsYkkm.png 1080w, https:\/\/ataarelief.org\/wp-content\/uploads\/2020\/12\/Eo5VccJXUAsYkkm-540x540.png 540w, https:\/\/ataarelief.org\/wp-content\/uploads\/2020\/12\/Eo5VccJXUAsYkkm-240x240.png 240w, https:\/\/ataarelief.org\/wp-content\/uploads\/2020\/12\/Eo5VccJXUAsYkkm-300x300.png 300w, https:\/\/ataarelief.org\/wp-content\/uploads\/2020\/12\/Eo5VccJXUAsYkkm-768x768.png 768w, https:\/\/ataarelief.org\/wp-content\/uploads\/2020\/12\/Eo5VccJXUAsYkkm-16x16.png 16w\" sizes=\"(max-width: 1080px) 100vw, 1080px\" \/><\/p>\n","protected":false},"excerpt":{"rendered":"<p>ATAA \u0130nsani Yard\u0131mla\u015fma Derne\u011fi, Suriye\u2019nin kuzeyinde ve T\u00fcrkiye\u2019nin g\u00fcneyinde ger\u00e7ekle\u015ftirdi\u011fi faaliyetler ile Birle\u015fmi\u015f Milletler Kad\u0131n Biriminin\u00a0(UN Women) d\u00fcnya \u00e7ap\u0131nda her y\u0131l ger\u00e7ekle\u015ftirdi\u011fi ve 16 g\u00fcn s\u00fcren &#8221; Kad\u0131na Y\u00f6nelik \u015eiddete Kar\u015f\u0131 Uluslararas\u0131 M\u00fccadele G\u00fcn\u00fc&#8221; kampanyas\u0131na, kat\u0131l\u0131m sa\u011flad\u0131. Birle\u015fmi\u015f Milletler Genel Sekreterli\u011fi, kad\u0131nlara y\u00f6nelik \u015fiddeti sonland\u0131rmay\u0131 hedefledi\u011fi kampanyay\u0131 \u201cD\u00fcnyay\u0131 Turuncuya Boya\u201d temas\u0131 ile 16 g\u00fcn s\u00fcren [&hellip;]<\/p>\n","protected":false},"author":8,"featured_media":8497,"comment_status":"closed","ping_status":"closed","sticky":false,"template":"","format":"standard","meta":{"footnotes":""},"categories":[204,245],"tags":[],"class_list":["post-11122","post","type-post","status-publish","format-standard","has-post-thumbnail","hentry","category-news-tr","category-koruma"],"yoast_head":"<!-- This site is optimized with the Yoast SEO Premium plugin v26.1 (Yoast SEO v27.5) - https:\/\/yoast.com\/product\/yoast-seo-premium-wordpress\/ -->\n<title>ATAA Derne\u011fi, Kad\u0131na Y\u00f6nelik \u015eiddete Kar\u015f\u0131 Uluslararas\u0131 M\u00fccadele G\u00fcn\u00fc&#039;ne Kat\u0131ld\u0131 ATAA RELIEF<\/title>\n<meta name=\"description\" content=\"ATAA \u0130nsani Yard\u0131mla\u015fma Derne\u011fi, Suriye\u2019nin kuzeyinde ve T\u00fcrkiye\u2019nin g\u00fcneyinde ger\u00e7ekle\u015ftirdi\u011fi faaliyetler ile Birle\u015fmi\u015f Milletler Kad\u0131n Biriminin\u00a0(UN\" \/>\n<meta name=\"robots\" content=\"index, follow, max-snippet:-1, max-image-preview:large, max-video-preview:-1\" \/>\n<link rel=\"canonical\" href=\"https:\/\/ataarelief.org\/tr\/ataa-dernegi-kadina-yonelik-siddete-karsi-uluslararasi-mucadele-gunune-katildi\/\" \/>\n<meta property=\"og:locale\" content=\"tr_TR\" \/>\n<meta property=\"og:type\" content=\"article\" \/>\n<meta property=\"og:title\" content=\"ATAA Derne\u011fi, Kad\u0131na Y\u00f6nelik \u015eiddete Kar\u015f\u0131 Uluslararas\u0131 M\u00fccadele G\u00fcn\u00fc&#039;ne Kat\u0131ld\u0131\" \/>\n<meta property=\"og:description\" content=\"ATAA \u0130nsani Yard\u0131mla\u015fma Derne\u011fi, Suriye\u2019nin kuzeyinde ve T\u00fcrkiye\u2019nin g\u00fcneyinde ger\u00e7ekle\u015ftirdi\u011fi faaliyetler ile Birle\u015fmi\u015f Milletler Kad\u0131n Biriminin\u00a0(UN\" \/>\n<meta property=\"og:url\" content=\"https:\/\/ataarelief.org\/tr\/ataa-dernegi-kadina-yonelik-siddete-karsi-uluslararasi-mucadele-gunune-katildi\/\" \/>\n<meta property=\"og:site_name\" content=\"ATAA RELIEF\" \/>\n<meta property=\"article:publisher\" content=\"https:\/\/www.facebook.com\/AtaaRelief\" \/>\n<meta property=\"article:published_time\" content=\"2020-12-14T14:00:00+00:00\" \/>\n<meta property=\"og:image\" content=\"https:\/\/ataarelief.org\/wp-content\/uploads\/2020\/12\/1.png\" \/>\n\t<meta property=\"og:image:width\" content=\"1080\" \/>\n\t<meta property=\"og:image:height\" content=\"720\" \/>\n\t<meta property=\"og:image:type\" content=\"image\/png\" \/>\n<meta name=\"author\" content=\"muatasem haj\" \/>\n<meta name=\"twitter:card\" content=\"summary_large_image\" \/>\n<meta name=\"twitter:creator\" content=\"@AtaaRelief\" \/>\n<meta name=\"twitter:site\" content=\"@AtaaRelief\" \/>\n<meta name=\"twitter:label1\" content=\"Yazan:\" \/>\n\t<meta name=\"twitter:data1\" content=\"muatasem haj\" \/>\n\t<meta name=\"twitter:label2\" content=\"Tahmini okuma s\u00fcresi\" \/>\n\t<meta name=\"twitter:data2\" content=\"2 dakika\" \/>\n<script type=\"application\/ld+json\" class=\"yoast-schema-graph\">{\"@context\":\"https:\\\/\\\/schema.org\",\"@graph\":[{\"@type\":\"Article\",\"@id\":\"https:\\\/\\\/ataarelief.org\\\/tr\\\/ataa-dernegi-kadina-yonelik-siddete-karsi-uluslararasi-mucadele-gunune-katildi\\\/#article\",\"isPartOf\":{\"@id\":\"https:\\\/\\\/ataarelief.org\\\/tr\\\/ataa-dernegi-kadina-yonelik-siddete-karsi-uluslararasi-mucadele-gunune-katildi\\\/\"},\"author\":{\"name\":\"muatasem haj\",\"@id\":\"https:\\\/\\\/ataarelief.org\\\/tr\\\/#\\\/schema\\\/person\\\/fa36c8bae4d63da32e4045e7514c6365\"},\"headline\":\"ATAA Derne\u011fi, Kad\u0131na Y\u00f6nelik \u015eiddete Kar\u015f\u0131 Uluslararas\u0131 M\u00fccadele G\u00fcn\u00fc&#8217;ne Kat\u0131ld\u0131\",\"datePublished\":\"2020-12-14T14:00:00+00:00\",\"mainEntityOfPage\":{\"@id\":\"https:\\\/\\\/ataarelief.org\\\/tr\\\/ataa-dernegi-kadina-yonelik-siddete-karsi-uluslararasi-mucadele-gunune-katildi\\\/\"},\"wordCount\":510,\"publisher\":{\"@id\":\"https:\\\/\\\/ataarelief.org\\\/tr\\\/#organization\"},\"image\":{\"@id\":\"https:\\\/\\\/ataarelief.org\\\/tr\\\/ataa-dernegi-kadina-yonelik-siddete-karsi-uluslararasi-mucadele-gunune-katildi\\\/#primaryimage\"},\"thumbnailUrl\":\"https:\\\/\\\/ataarelief.org\\\/wp-content\\\/uploads\\\/2020\\\/12\\\/1-png.avif\",\"articleSection\":[\"Haberler\",\"Koruma\"],\"inLanguage\":\"tr\"},{\"@type\":\"WebPage\",\"@id\":\"https:\\\/\\\/ataarelief.org\\\/tr\\\/ataa-dernegi-kadina-yonelik-siddete-karsi-uluslararasi-mucadele-gunune-katildi\\\/\",\"url\":\"https:\\\/\\\/ataarelief.org\\\/tr\\\/ataa-dernegi-kadina-yonelik-siddete-karsi-uluslararasi-mucadele-gunune-katildi\\\/\",\"name\":\"ATAA Derne\u011fi, Kad\u0131na Y\u00f6nelik \u015eiddete Kar\u015f\u0131 Uluslararas\u0131 M\u00fccadele G\u00fcn\u00fc'ne Kat\u0131ld\u0131 ATAA RELIEF\",\"isPartOf\":{\"@id\":\"https:\\\/\\\/ataarelief.org\\\/tr\\\/#website\"},\"primaryImageOfPage\":{\"@id\":\"https:\\\/\\\/ataarelief.org\\\/tr\\\/ataa-dernegi-kadina-yonelik-siddete-karsi-uluslararasi-mucadele-gunune-katildi\\\/#primaryimage\"},\"image\":{\"@id\":\"https:\\\/\\\/ataarelief.org\\\/tr\\\/ataa-dernegi-kadina-yonelik-siddete-karsi-uluslararasi-mucadele-gunune-katildi\\\/#primaryimage\"},\"thumbnailUrl\":\"https:\\\/\\\/ataarelief.org\\\/wp-content\\\/uploads\\\/2020\\\/12\\\/1-png.avif\",\"datePublished\":\"2020-12-14T14:00:00+00:00\",\"description\":\"ATAA \u0130nsani Yard\u0131mla\u015fma Derne\u011fi, Suriye\u2019nin kuzeyinde ve T\u00fcrkiye\u2019nin g\u00fcneyinde ger\u00e7ekle\u015ftirdi\u011fi faaliyetler ile Birle\u015fmi\u015f Milletler Kad\u0131n Biriminin\u00a0(UN\",\"breadcrumb\":{\"@id\":\"https:\\\/\\\/ataarelief.org\\\/tr\\\/ataa-dernegi-kadina-yonelik-siddete-karsi-uluslararasi-mucadele-gunune-katildi\\\/#breadcrumb\"},\"inLanguage\":\"tr\",\"potentialAction\":[{\"@type\":\"ReadAction\",\"target\":[\"https:\\\/\\\/ataarelief.org\\\/tr\\\/ataa-dernegi-kadina-yonelik-siddete-karsi-uluslararasi-mucadele-gunune-katildi\\\/\"]}]},{\"@type\":\"ImageObject\",\"inLanguage\":\"tr\",\"@id\":\"https:\\\/\\\/ataarelief.org\\\/tr\\\/ataa-dernegi-kadina-yonelik-siddete-karsi-uluslararasi-mucadele-gunune-katildi\\\/#primaryimage\",\"url\":\"https:\\\/\\\/ataarelief.org\\\/wp-content\\\/uploads\\\/2020\\\/12\\\/1-png.avif\",\"contentUrl\":\"https:\\\/\\\/ataarelief.org\\\/wp-content\\\/uploads\\\/2020\\\/12\\\/1-png.avif\",\"width\":1080,\"height\":720},{\"@type\":\"BreadcrumbList\",\"@id\":\"https:\\\/\\\/ataarelief.org\\\/tr\\\/ataa-dernegi-kadina-yonelik-siddete-karsi-uluslararasi-mucadele-gunune-katildi\\\/#breadcrumb\",\"itemListElement\":[{\"@type\":\"ListItem\",\"position\":1,\"name\":\"Home\",\"item\":\"https:\\\/\\\/ataarelief.org\\\/tr\\\/\"},{\"@type\":\"ListItem\",\"position\":2,\"name\":\"ATAA Derne\u011fi, Kad\u0131na Y\u00f6nelik \u015eiddete Kar\u015f\u0131 Uluslararas\u0131 M\u00fccadele G\u00fcn\u00fc&#8217;ne Kat\u0131ld\u0131\"}]},{\"@type\":\"WebSite\",\"@id\":\"https:\\\/\\\/ataarelief.org\\\/tr\\\/#website\",\"url\":\"https:\\\/\\\/ataarelief.org\\\/tr\\\/\",\"name\":\"Ataa Relief\",\"description\":\"\",\"publisher\":{\"@id\":\"https:\\\/\\\/ataarelief.org\\\/tr\\\/#organization\"},\"alternateName\":\"Ataa\",\"potentialAction\":[{\"@type\":\"SearchAction\",\"target\":{\"@type\":\"EntryPoint\",\"urlTemplate\":\"https:\\\/\\\/ataarelief.org\\\/tr\\\/?s={search_term_string}\"},\"query-input\":{\"@type\":\"PropertyValueSpecification\",\"valueRequired\":true,\"valueName\":\"search_term_string\"}}],\"inLanguage\":\"tr\"},{\"@type\":\"Organization\",\"@id\":\"https:\\\/\\\/ataarelief.org\\\/tr\\\/#organization\",\"name\":\"Ataa Relief\",\"alternateName\":\"\u062c\u0645\u0639\u064a\u0629 \u0639\u0637\u0627\u0621 \u0644\u0644\u0625\u063a\u0627\u062b\u0629 \u0627\u0644\u0625\u0646\u0633\u0627\u0646\u064a\u0629\",\"url\":\"https:\\\/\\\/ataarelief.org\\\/tr\\\/\",\"logo\":{\"@type\":\"ImageObject\",\"inLanguage\":\"tr\",\"@id\":\"https:\\\/\\\/ataarelief.org\\\/tr\\\/#\\\/schema\\\/logo\\\/image\\\/\",\"url\":\"https:\\\/\\\/ataarelief.org\\\/wp-content\\\/uploads\\\/2020\\\/09\\\/ATAA-logo.svg\",\"contentUrl\":\"https:\\\/\\\/ataarelief.org\\\/wp-content\\\/uploads\\\/2020\\\/09\\\/ATAA-logo.svg\",\"width\":558,\"height\":769,\"caption\":\"Ataa Relief\"},\"image\":{\"@id\":\"https:\\\/\\\/ataarelief.org\\\/tr\\\/#\\\/schema\\\/logo\\\/image\\\/\"},\"sameAs\":[\"https:\\\/\\\/www.facebook.com\\\/AtaaRelief\",\"https:\\\/\\\/x.com\\\/AtaaRelief\",\"https:\\\/\\\/www.instagram.com\\\/ataarelief\\\/\",\"https:\\\/\\\/www.youtube.com\\\/channel\\\/UCiavrRLhS6NbhvyLtRkocuw\",\"https:\\\/\\\/www.linkedin.com\\\/company\\\/ataarelief1\\\/\"],\"description\":\"A non-profit humanitarian organization registered in Turkey. It was established in early 2013 to provide humanitarian relief to the needy and afflicted.\",\"email\":\"info@ataarelief.org\",\"telephone\":\"+902126358904\",\"publishingPrinciples\":\"https:\\\/\\\/ataarelief.org\\\/where-we-work\\\/\",\"ownershipFundingInfo\":\"https:\\\/\\\/ataarelief.org\\\/about-us\\\/\",\"actionableFeedbackPolicy\":\"https:\\\/\\\/ataarelief.org\\\/humanitarian-action-charter\\\/\",\"correctionsPolicy\":\"https:\\\/\\\/ataarelief.org\\\/privacy-policy\\\/\",\"ethicsPolicy\":\"https:\\\/\\\/ataarelief.org\\\/humanitarian-action-charter\\\/\",\"diversityPolicy\":\"https:\\\/\\\/ataarelief.org\\\/terms-of-use\\\/\",\"diversityStaffingReport\":\"https:\\\/\\\/ataarelief.org\\\/join-us\\\/\"},{\"@type\":\"Person\",\"@id\":\"https:\\\/\\\/ataarelief.org\\\/tr\\\/#\\\/schema\\\/person\\\/fa36c8bae4d63da32e4045e7514c6365\",\"name\":\"muatasem haj\",\"image\":{\"@type\":\"ImageObject\",\"inLanguage\":\"tr\",\"@id\":\"https:\\\/\\\/secure.gravatar.com\\\/avatar\\\/d832567531c1667e6bf6b40a72396cb0ca0922d10f76fc0151875371725d2a8a?s=96&d=mm&r=g\",\"url\":\"https:\\\/\\\/secure.gravatar.com\\\/avatar\\\/d832567531c1667e6bf6b40a72396cb0ca0922d10f76fc0151875371725d2a8a?s=96&d=mm&r=g\",\"contentUrl\":\"https:\\\/\\\/secure.gravatar.com\\\/avatar\\\/d832567531c1667e6bf6b40a72396cb0ca0922d10f76fc0151875371725d2a8a?s=96&d=mm&r=g\",\"caption\":\"muatasem haj\"},\"sameAs\":[\"http:\\\/\\\/ataarelief.org\"]}]}<\/script>\n<!-- \/ Yoast SEO Premium plugin. -->","yoast_head_json":{"title":"ATAA Derne\u011fi, Kad\u0131na Y\u00f6nelik \u015eiddete Kar\u015f\u0131 Uluslararas\u0131 M\u00fccadele G\u00fcn\u00fc'ne Kat\u0131ld\u0131 ATAA RELIEF","description":"ATAA \u0130nsani Yard\u0131mla\u015fma Derne\u011fi, Suriye\u2019nin kuzeyinde ve T\u00fcrkiye\u2019nin g\u00fcneyinde ger\u00e7ekle\u015ftirdi\u011fi faaliyetler ile Birle\u015fmi\u015f Milletler Kad\u0131n Biriminin\u00a0(UN","robots":{"index":"index","follow":"follow","max-snippet":"max-snippet:-1","max-image-preview":"max-image-preview:large","max-video-preview":"max-video-preview:-1"},"canonical":"https:\/\/ataarelief.org\/tr\/ataa-dernegi-kadina-yonelik-siddete-karsi-uluslararasi-mucadele-gunune-katildi\/","og_locale":"tr_TR","og_type":"article","og_title":"ATAA Derne\u011fi, Kad\u0131na Y\u00f6nelik \u015eiddete Kar\u015f\u0131 Uluslararas\u0131 M\u00fccadele G\u00fcn\u00fc'ne Kat\u0131ld\u0131","og_description":"ATAA \u0130nsani Yard\u0131mla\u015fma Derne\u011fi, Suriye\u2019nin kuzeyinde ve T\u00fcrkiye\u2019nin g\u00fcneyinde ger\u00e7ekle\u015ftirdi\u011fi faaliyetler ile Birle\u015fmi\u015f Milletler Kad\u0131n Biriminin\u00a0(UN","og_url":"https:\/\/ataarelief.org\/tr\/ataa-dernegi-kadina-yonelik-siddete-karsi-uluslararasi-mucadele-gunune-katildi\/","og_site_name":"ATAA RELIEF","article_publisher":"https:\/\/www.facebook.com\/AtaaRelief","article_published_time":"2020-12-14T14:00:00+00:00","og_image":[{"width":1080,"height":720,"url":"https:\/\/ataarelief.org\/wp-content\/uploads\/2020\/12\/1.png","type":"image\/png"}],"author":"muatasem haj","twitter_card":"summary_large_image","twitter_creator":"@AtaaRelief","twitter_site":"@AtaaRelief","twitter_misc":{"Yazan:":"muatasem haj","Tahmini okuma s\u00fcresi":"2 dakika"},"schema":{"@context":"https:\/\/schema.org","@graph":[{"@type":"Article","@id":"https:\/\/ataarelief.org\/tr\/ataa-dernegi-kadina-yonelik-siddete-karsi-uluslararasi-mucadele-gunune-katildi\/#article","isPartOf":{"@id":"https:\/\/ataarelief.org\/tr\/ataa-dernegi-kadina-yonelik-siddete-karsi-uluslararasi-mucadele-gunune-katildi\/"},"author":{"name":"muatasem haj","@id":"https:\/\/ataarelief.org\/tr\/#\/schema\/person\/fa36c8bae4d63da32e4045e7514c6365"},"headline":"ATAA Derne\u011fi, Kad\u0131na Y\u00f6nelik \u015eiddete Kar\u015f\u0131 Uluslararas\u0131 M\u00fccadele G\u00fcn\u00fc&#8217;ne Kat\u0131ld\u0131","datePublished":"2020-12-14T14:00:00+00:00","mainEntityOfPage":{"@id":"https:\/\/ataarelief.org\/tr\/ataa-dernegi-kadina-yonelik-siddete-karsi-uluslararasi-mucadele-gunune-katildi\/"},"wordCount":510,"publisher":{"@id":"https:\/\/ataarelief.org\/tr\/#organization"},"image":{"@id":"https:\/\/ataarelief.org\/tr\/ataa-dernegi-kadina-yonelik-siddete-karsi-uluslararasi-mucadele-gunune-katildi\/#primaryimage"},"thumbnailUrl":"https:\/\/ataarelief.org\/wp-content\/uploads\/2020\/12\/1-png.avif","articleSection":["Haberler","Koruma"],"inLanguage":"tr"},{"@type":"WebPage","@id":"https:\/\/ataarelief.org\/tr\/ataa-dernegi-kadina-yonelik-siddete-karsi-uluslararasi-mucadele-gunune-katildi\/","url":"https:\/\/ataarelief.org\/tr\/ataa-dernegi-kadina-yonelik-siddete-karsi-uluslararasi-mucadele-gunune-katildi\/","name":"ATAA Derne\u011fi, Kad\u0131na Y\u00f6nelik \u015eiddete Kar\u015f\u0131 Uluslararas\u0131 M\u00fccadele G\u00fcn\u00fc'ne Kat\u0131ld\u0131 ATAA RELIEF","isPartOf":{"@id":"https:\/\/ataarelief.org\/tr\/#website"},"primaryImageOfPage":{"@id":"https:\/\/ataarelief.org\/tr\/ataa-dernegi-kadina-yonelik-siddete-karsi-uluslararasi-mucadele-gunune-katildi\/#primaryimage"},"image":{"@id":"https:\/\/ataarelief.org\/tr\/ataa-dernegi-kadina-yonelik-siddete-karsi-uluslararasi-mucadele-gunune-katildi\/#primaryimage"},"thumbnailUrl":"https:\/\/ataarelief.org\/wp-content\/uploads\/2020\/12\/1-png.avif","datePublished":"2020-12-14T14:00:00+00:00","description":"ATAA \u0130nsani Yard\u0131mla\u015fma Derne\u011fi, Suriye\u2019nin kuzeyinde ve T\u00fcrkiye\u2019nin g\u00fcneyinde ger\u00e7ekle\u015ftirdi\u011fi faaliyetler ile Birle\u015fmi\u015f Milletler Kad\u0131n Biriminin\u00a0(UN","breadcrumb":{"@id":"https:\/\/ataarelief.org\/tr\/ataa-dernegi-kadina-yonelik-siddete-karsi-uluslararasi-mucadele-gunune-katildi\/#breadcrumb"},"inLanguage":"tr","potentialAction":[{"@type":"ReadAction","target":["https:\/\/ataarelief.org\/tr\/ataa-dernegi-kadina-yonelik-siddete-karsi-uluslararasi-mucadele-gunune-katildi\/"]}]},{"@type":"ImageObject","inLanguage":"tr","@id":"https:\/\/ataarelief.org\/tr\/ataa-dernegi-kadina-yonelik-siddete-karsi-uluslararasi-mucadele-gunune-katildi\/#primaryimage","url":"https:\/\/ataarelief.org\/wp-content\/uploads\/2020\/12\/1-png.avif","contentUrl":"https:\/\/ataarelief.org\/wp-content\/uploads\/2020\/12\/1-png.avif","width":1080,"height":720},{"@type":"BreadcrumbList","@id":"https:\/\/ataarelief.org\/tr\/ataa-dernegi-kadina-yonelik-siddete-karsi-uluslararasi-mucadele-gunune-katildi\/#breadcrumb","itemListElement":[{"@type":"ListItem","position":1,"name":"Home","item":"https:\/\/ataarelief.org\/tr\/"},{"@type":"ListItem","position":2,"name":"ATAA Derne\u011fi, Kad\u0131na Y\u00f6nelik \u015eiddete Kar\u015f\u0131 Uluslararas\u0131 M\u00fccadele G\u00fcn\u00fc&#8217;ne Kat\u0131ld\u0131"}]},{"@type":"WebSite","@id":"https:\/\/ataarelief.org\/tr\/#website","url":"https:\/\/ataarelief.org\/tr\/","name":"Ataa Relief","description":"","publisher":{"@id":"https:\/\/ataarelief.org\/tr\/#organization"},"alternateName":"Ataa","potentialAction":[{"@type":"SearchAction","target":{"@type":"EntryPoint","urlTemplate":"https:\/\/ataarelief.org\/tr\/?s={search_term_string}"},"query-input":{"@type":"PropertyValueSpecification","valueRequired":true,"valueName":"search_term_string"}}],"inLanguage":"tr"},{"@type":"Organization","@id":"https:\/\/ataarelief.org\/tr\/#organization","name":"Ataa Relief","alternateName":"\u062c\u0645\u0639\u064a\u0629 \u0639\u0637\u0627\u0621 \u0644\u0644\u0625\u063a\u0627\u062b\u0629 \u0627\u0644\u0625\u0646\u0633\u0627\u0646\u064a\u0629","url":"https:\/\/ataarelief.org\/tr\/","logo":{"@type":"ImageObject","inLanguage":"tr","@id":"https:\/\/ataarelief.org\/tr\/#\/schema\/logo\/image\/","url":"https:\/\/ataarelief.org\/wp-content\/uploads\/2020\/09\/ATAA-logo.svg","contentUrl":"https:\/\/ataarelief.org\/wp-content\/uploads\/2020\/09\/ATAA-logo.svg","width":558,"height":769,"caption":"Ataa Relief"},"image":{"@id":"https:\/\/ataarelief.org\/tr\/#\/schema\/logo\/image\/"},"sameAs":["https:\/\/www.facebook.com\/AtaaRelief","https:\/\/x.com\/AtaaRelief","https:\/\/www.instagram.com\/ataarelief\/","https:\/\/www.youtube.com\/channel\/UCiavrRLhS6NbhvyLtRkocuw","https:\/\/www.linkedin.com\/company\/ataarelief1\/"],"description":"A non-profit humanitarian organization registered in Turkey. It was established in early 2013 to provide humanitarian relief to the needy and afflicted.","email":"info@ataarelief.org","telephone":"+902126358904","publishingPrinciples":"https:\/\/ataarelief.org\/where-we-work\/","ownershipFundingInfo":"https:\/\/ataarelief.org\/about-us\/","actionableFeedbackPolicy":"https:\/\/ataarelief.org\/humanitarian-action-charter\/","correctionsPolicy":"https:\/\/ataarelief.org\/privacy-policy\/","ethicsPolicy":"https:\/\/ataarelief.org\/humanitarian-action-charter\/","diversityPolicy":"https:\/\/ataarelief.org\/terms-of-use\/","diversityStaffingReport":"https:\/\/ataarelief.org\/join-us\/"},{"@type":"Person","@id":"https:\/\/ataarelief.org\/tr\/#\/schema\/person\/fa36c8bae4d63da32e4045e7514c6365","name":"muatasem haj","image":{"@type":"ImageObject","inLanguage":"tr","@id":"https:\/\/secure.gravatar.com\/avatar\/d832567531c1667e6bf6b40a72396cb0ca0922d10f76fc0151875371725d2a8a?s=96&d=mm&r=g","url":"https:\/\/secure.gravatar.com\/avatar\/d832567531c1667e6bf6b40a72396cb0ca0922d10f76fc0151875371725d2a8a?s=96&d=mm&r=g","contentUrl":"https:\/\/secure.gravatar.com\/avatar\/d832567531c1667e6bf6b40a72396cb0ca0922d10f76fc0151875371725d2a8a?s=96&d=mm&r=g","caption":"muatasem haj"},"sameAs":["http:\/\/ataarelief.org"]}]}},"_links":{"self":[{"href":"https:\/\/ataarelief.org\/tr\/wp-json\/wp\/v2\/posts\/11122","targetHints":{"allow":["GET"]}}],"collection":[{"href":"https:\/\/ataarelief.org\/tr\/wp-json\/wp\/v2\/posts"}],"about":[{"href":"https:\/\/ataarelief.org\/tr\/wp-json\/wp\/v2\/types\/post"}],"author":[{"embeddable":true,"href":"https:\/\/ataarelief.org\/tr\/wp-json\/wp\/v2\/users\/8"}],"replies":[{"embeddable":true,"href":"https:\/\/ataarelief.org\/tr\/wp-json\/wp\/v2\/comments?post=11122"}],"version-history":[{"count":0,"href":"https:\/\/ataarelief.org\/tr\/wp-json\/wp\/v2\/posts\/11122\/revisions"}],"wp:featuredmedia":[{"embeddable":true,"href":"https:\/\/ataarelief.org\/tr\/wp-json\/wp\/v2\/media\/8497"}],"wp:attachment":[{"href":"https:\/\/ataarelief.org\/tr\/wp-json\/wp\/v2\/media?parent=11122"}],"wp:term":[{"taxonomy":"category","embeddable":true,"href":"https:\/\/ataarelief.org\/tr\/wp-json\/wp\/v2\/categories?post=11122"},{"taxonomy":"post_tag","embeddable":true,"href":"https:\/\/ataarelief.org\/tr\/wp-json\/wp\/v2\/tags?post=11122"}],"curies":[{"name":"wp","href":"https:\/\/api.w.org\/{rel}","templated":true}]}}