{"id":11110,"date":"2020-12-01T08:42:20","date_gmt":"2020-12-01T08:42:20","guid":{"rendered":"https:\/\/ataa.kuarkz.com\/ataa-dernegi-zeytin-hasadina-basladi\/"},"modified":"2020-12-01T08:42:20","modified_gmt":"2020-12-01T08:42:20","slug":"ataa-dernegi-zeytin-hasadina-basladi","status":"publish","type":"post","link":"https:\/\/ataarelief.org\/tr\/ataa-dernegi-zeytin-hasadina-basladi\/","title":{"rendered":"ATAA Derne\u011fi Zeytin Hasad\u0131na Ba\u015flad\u0131"},"content":{"rendered":"<p><strong>ATAA \u0130nsani Yard\u0131mla\u015fma Derne\u011fi, 2020 y\u0131l\u0131 Ekim ay\u0131n\u0131n ba\u015f\u0131nda zeytin hasad\u0131na ba\u015flad\u0131. Suriye\u2019nin kuzeyde bulunan Selkiyan \u015fehrindeki k\u00f6ylerde ger\u00e7ekle\u015ftirilen zeytin hasad\u0131 bu y\u0131l\u0131n sonuna kadar devam edecek. Projeden 3 bin \u00fczerinden aile faydalan\u0131yor.<\/strong><\/p>\n<p><strong><img fetchpriority=\"high\" decoding=\"async\" class=\"alignnone size-full wp-image-2618\" src=\"https:\/\/ataa.kuarkz.com\/wp-content\/uploads\/2020\/12\/\u0642\u0637\u0627\u0641-\u0627\u0644\u0632\u064a\u062a\u0648\u0646-.png\" alt=\"\" width=\"1080\" height=\"720\" srcset=\"https:\/\/ataarelief.org\/wp-content\/uploads\/2020\/12\/\u0642\u0637\u0627\u0641-\u0627\u0644\u0632\u064a\u062a\u0648\u0646-.png 1080w, https:\/\/ataarelief.org\/wp-content\/uploads\/2020\/12\/\u0642\u0637\u0627\u0641-\u0627\u0644\u0632\u064a\u062a\u0648\u0646--300x200.avif 300w, https:\/\/ataarelief.org\/wp-content\/uploads\/2020\/12\/\u0642\u0637\u0627\u0641-\u0627\u0644\u0632\u064a\u062a\u0648\u0646--1024x683.avif 1024w, https:\/\/ataarelief.org\/wp-content\/uploads\/2020\/12\/\u0642\u0637\u0627\u0641-\u0627\u0644\u0632\u064a\u062a\u0648\u0646--768x512.avif 768w\" sizes=\"(max-width: 1080px) 100vw, 1080px\" \/><\/strong><\/p>\n<p><strong>Proje sorumlusu Safvan Halek\u2019e g\u00f6re zeytin toplama \u00e7al\u0131\u015fmas\u0131n\u0131n\u00a0 hedefi hasat ve sat\u0131\u015f giderlerinin sa\u011flanmas\u0131 yoluyla b\u00f6lgede bulunan g\u00f6\u00e7menlerin kal\u0131c\u0131l\u0131\u011f\u0131n\u0131 desteklemek ve ayr\u0131ca g\u00f6\u00e7menlere mevsimlik i\u015f f\u0131rsat\u0131 sa\u011flamak.<\/strong><\/p>\n<p>&nbsp;<\/p>\n<p><strong>Bu hizmetlere ek olarak ATAA Derne\u011fi ekipleri, proje s\u00fcresince zeytin hasad\u0131nda deneyim eksikli\u011fi nedeniyle a\u011fa\u00e7lara herhangi bir fiziksel zarar gelmesini \u00f6nlemek i\u00e7in hasat sezonu \u00f6ncesinde i\u015f\u00e7ilere y\u00f6nelik fark\u0131ndal\u0131k toplant\u0131lar\u0131 d\u00fczenliyor ve \u00a0zeytin hasad\u0131 i\u00e7in b\u00fcy\u00fck \u00f6nem ta\u015f\u0131yan elle hasat malzemeleri ve insan g\u00fcc\u00fcn\u00fc sa\u011fl\u0131yor.<\/strong><\/p>\n<p><strong><img decoding=\"async\" class=\"alignnone size-full wp-image-2611\" src=\"https:\/\/ataa.kuarkz.com\/wp-content\/uploads\/2020\/12\/IMG_0934-\u0646\u0633\u062e-1-scaled.jpg\" alt=\"\" width=\"1439\" height=\"1080\" \/><\/strong><\/p>\n<p><strong>Ayr\u0131ca y\u00fcksek besin de\u011ferine sahip olan zeytinya\u011f\u0131 b\u00f6lge halk\u0131n\u0131n g\u0131da g\u00fcvenli\u011finin artmas\u0131na yard\u0131mc\u0131 olmaktad\u0131r. ATAA Derne\u011fi ayr\u0131ca hasattan sonra zeytin mevsimini desteklemek i\u00e7in maddi destek sa\u011flamakta ve derne\u011fin projeleri kapsam\u0131nda muhta\u00e7 ailelere ula\u015ft\u0131rmak \u00fczere t\u00fcm \u00e7ift\u00e7ilerden s\u00fcbvansiyonlu fiyattan zeytinya\u011f\u0131 sat\u0131n almaktad\u0131r.<\/strong><\/p>\n<p>&nbsp;<\/p>\n<p><strong><img decoding=\"async\" class=\"alignnone size-full wp-image-2601\" src=\"https:\/\/ataa.kuarkz.com\/wp-content\/uploads\/2020\/12\/IMG_1029-\u0646\u0633\u062e-scaled.jpg\" alt=\"\" width=\"1439\" height=\"1080\" \/><\/strong><\/p>\n<p><strong>Safvan Halek, zeytindeki fiyat dalgalanmas\u0131 nedeniyle i\u015f g\u00fcc\u00fc giderlerindeki art\u0131\u015f, hasad\u0131 kolayla\u015ft\u0131rmada \u00f6nemli bir etken olan ya\u011f\u0131\u015f\u0131n gecikmesi, g\u00fcvenlik durumundaki istikrars\u0131zl\u0131k ve koronav\u00fcr\u00fcs\u00fcn yay\u0131lmas\u0131 nedeniyle zeytin hasad\u0131 d\u00f6neminde ciddi zorluklar ve tehditler ile kar\u015f\u0131la\u015f\u0131ld\u0131\u011f\u0131n\u0131 dile getirdi.<\/strong><\/p>\n<p>&nbsp;<\/p>\n<p><strong>Zeytin a\u011fa\u00e7lar\u0131, zor \u015fartlarda ya\u015fayan halk\u0131n en \u00f6nemli gelir kayna\u011f\u0131 say\u0131l\u0131yor.<\/strong><\/p>\n<p>&nbsp;<\/p>\n<p><strong>Halek, zeytin \u00e7ift\u00e7ili\u011finin geli\u015fiminde kad\u0131nlar\u0131n ana rol\u00fc oynad\u0131\u011f\u0131na dikkat \u00e7ekerek kad\u0131nlar\u0131n erkeklerle yan yana \u00e7al\u0131\u015farak bunu kan\u0131tlad\u0131klar\u0131n\u0131 belirtti.\u00a0 Bir\u00e7ok aile sava\u015f nedeniyle ge\u00e7imini sa\u011flayan ki\u015fiyi kaybetti. Kad\u0131nlar ge\u00e7imlerini sa\u011flamak i\u00e7in \u00e7al\u0131\u015fma hayat\u0131na girdi.<\/strong><\/p>\n<p>&nbsp;<\/p>\n<p><strong>ATAA \u0130nsani Yard\u0131mla\u015fma Derne\u011fi, kuruldu\u011fu g\u00fcnden itibaren tar\u0131m alan\u0131na ayr\u0131ca \u00f6zen g\u00f6stermi\u015ftir. Bu kapsamda Suriye i\u00e7inde yerli halka ve g\u00f6\u00e7menlere y\u00f6nelik projeler hayata ge\u00e7irmi\u015ftir.<\/strong><\/p>\n<p><strong><img loading=\"lazy\" decoding=\"async\" class=\"alignnone size-full wp-image-2603\" src=\"https:\/\/ataa.kuarkz.com\/wp-content\/uploads\/2020\/12\/IMG_1061-\u0646\u0633\u062e-scaled.jpg\" alt=\"\" width=\"1920\" height=\"1078\" \/><\/strong><\/p>\n<p>&nbsp;<\/p>\n<p><strong><img loading=\"lazy\" decoding=\"async\" class=\"alignnone size-full wp-image-2609\" src=\"https:\/\/ataa.kuarkz.com\/wp-content\/uploads\/2020\/12\/IMG_0923-\u0646\u0633\u062e-scaled.jpg\" alt=\"\" width=\"1439\" height=\"1080\" \/><\/strong><\/p>\n<p><strong><img loading=\"lazy\" decoding=\"async\" class=\"alignnone size-full wp-image-2607\" src=\"https:\/\/ataa.kuarkz.com\/wp-content\/uploads\/2020\/12\/IMG_0908-\u0646\u0633\u062e-scaled.jpg\" alt=\"\" width=\"1439\" height=\"1080\" \/><\/strong><\/p>\n<p><strong><img loading=\"lazy\" decoding=\"async\" class=\"alignnone size-full wp-image-2606\" src=\"https:\/\/ataa.kuarkz.com\/wp-content\/uploads\/2020\/12\/IMG_1033-\u0646\u0633\u062e-scaled.jpg\" alt=\"\" width=\"1439\" height=\"1080\" \/><\/strong><\/p>\n<p><strong><img loading=\"lazy\" decoding=\"async\" class=\"alignnone size-full wp-image-2608\" src=\"https:\/\/ataa.kuarkz.com\/wp-content\/uploads\/2020\/12\/IMG_1044-\u0646\u0633\u062e-scaled.jpg\" alt=\"\" width=\"1439\" height=\"1080\" \/><\/strong><\/p>\n<p><strong><img loading=\"lazy\" decoding=\"async\" class=\"alignnone size-full wp-image-2604\" src=\"https:\/\/ataa.kuarkz.com\/wp-content\/uploads\/2020\/12\/IMG_0976-\u0646\u0633\u062e-scaled.jpg\" alt=\"\" width=\"1439\" height=\"1080\" \/><\/strong><\/p>\n","protected":false},"excerpt":{"rendered":"<p>ATAA \u0130nsani Yard\u0131mla\u015fma Derne\u011fi, 2020 y\u0131l\u0131 Ekim ay\u0131n\u0131n ba\u015f\u0131nda zeytin hasad\u0131na ba\u015flad\u0131. Suriye\u2019nin kuzeyde bulunan Selkiyan \u015fehrindeki k\u00f6ylerde ger\u00e7ekle\u015ftirilen zeytin hasad\u0131 bu y\u0131l\u0131n sonuna kadar devam edecek. Projeden 3 bin \u00fczerinden aile faydalan\u0131yor. Proje sorumlusu Safvan Halek\u2019e g\u00f6re zeytin toplama \u00e7al\u0131\u015fmas\u0131n\u0131n\u00a0 hedefi hasat ve sat\u0131\u015f giderlerinin sa\u011flanmas\u0131 yoluyla b\u00f6lgede bulunan g\u00f6\u00e7menlerin kal\u0131c\u0131l\u0131\u011f\u0131n\u0131 desteklemek ve ayr\u0131ca [&hellip;]<\/p>\n","protected":false},"author":8,"featured_media":8423,"comment_status":"closed","ping_status":"closed","sticky":false,"template":"","format":"standard","meta":{"footnotes":""},"categories":[242,204],"tags":[],"class_list":["post-11110","post","type-post","status-publish","format-standard","has-post-thumbnail","hentry","category-gida-guvenligi","category-news-tr"],"yoast_head":"<!-- This site is optimized with the Yoast SEO Premium plugin v26.1 (Yoast SEO v27.5) - https:\/\/yoast.com\/product\/yoast-seo-premium-wordpress\/ -->\n<title>ATAA Derne\u011fi Zeytin Hasad\u0131na Ba\u015flad\u0131 ATAA RELIEF<\/title>\n<meta name=\"description\" content=\"ATAA \u0130nsani Yard\u0131mla\u015fma Derne\u011fi, 2020 y\u0131l\u0131 Ekim ay\u0131n\u0131n ba\u015f\u0131nda zeytin hasad\u0131na ba\u015flad\u0131. Suriye\u2019nin kuzeyde bulunan Selkiyan \u015fehrindeki k\u00f6ylerde\" \/>\n<meta name=\"robots\" content=\"index, follow, max-snippet:-1, max-image-preview:large, max-video-preview:-1\" \/>\n<link rel=\"canonical\" href=\"https:\/\/ataarelief.org\/tr\/ataa-dernegi-zeytin-hasadina-basladi\/\" \/>\n<meta property=\"og:locale\" content=\"tr_TR\" \/>\n<meta property=\"og:type\" content=\"article\" \/>\n<meta property=\"og:title\" content=\"ATAA Derne\u011fi Zeytin Hasad\u0131na Ba\u015flad\u0131\" \/>\n<meta property=\"og:description\" content=\"ATAA \u0130nsani Yard\u0131mla\u015fma Derne\u011fi, 2020 y\u0131l\u0131 Ekim ay\u0131n\u0131n ba\u015f\u0131nda zeytin hasad\u0131na ba\u015flad\u0131. Suriye\u2019nin kuzeyde bulunan Selkiyan \u015fehrindeki k\u00f6ylerde\" \/>\n<meta property=\"og:url\" content=\"https:\/\/ataarelief.org\/tr\/ataa-dernegi-zeytin-hasadina-basladi\/\" \/>\n<meta property=\"og:site_name\" content=\"ATAA RELIEF\" \/>\n<meta property=\"article:publisher\" content=\"https:\/\/www.facebook.com\/AtaaRelief\" \/>\n<meta property=\"article:published_time\" content=\"2020-12-01T08:42:20+00:00\" \/>\n<meta property=\"og:image\" content=\"https:\/\/ataarelief.org\/wp-content\/uploads\/2020\/12\/\u0642\u0637\u0627\u0641-\u0627\u0644\u0632\u064a\u062a\u0648\u0646-.png\" \/>\n\t<meta property=\"og:image:width\" content=\"1080\" \/>\n\t<meta property=\"og:image:height\" content=\"720\" \/>\n\t<meta property=\"og:image:type\" content=\"image\/png\" \/>\n<meta name=\"author\" content=\"muatasem haj\" \/>\n<meta name=\"twitter:card\" content=\"summary_large_image\" \/>\n<meta name=\"twitter:creator\" content=\"@AtaaRelief\" \/>\n<meta name=\"twitter:site\" content=\"@AtaaRelief\" \/>\n<meta name=\"twitter:label1\" content=\"Yazan:\" \/>\n\t<meta name=\"twitter:data1\" content=\"muatasem haj\" \/>\n\t<meta name=\"twitter:label2\" content=\"Tahmini okuma s\u00fcresi\" \/>\n\t<meta name=\"twitter:data2\" content=\"2 dakika\" \/>\n<script type=\"application\/ld+json\" class=\"yoast-schema-graph\">{\"@context\":\"https:\\\/\\\/schema.org\",\"@graph\":[{\"@type\":\"Article\",\"@id\":\"https:\\\/\\\/ataarelief.org\\\/tr\\\/ataa-dernegi-zeytin-hasadina-basladi\\\/#article\",\"isPartOf\":{\"@id\":\"https:\\\/\\\/ataarelief.org\\\/tr\\\/ataa-dernegi-zeytin-hasadina-basladi\\\/\"},\"author\":{\"name\":\"muatasem haj\",\"@id\":\"https:\\\/\\\/ataarelief.org\\\/tr\\\/#\\\/schema\\\/person\\\/fa36c8bae4d63da32e4045e7514c6365\"},\"headline\":\"ATAA Derne\u011fi Zeytin Hasad\u0131na Ba\u015flad\u0131\",\"datePublished\":\"2020-12-01T08:42:20+00:00\",\"mainEntityOfPage\":{\"@id\":\"https:\\\/\\\/ataarelief.org\\\/tr\\\/ataa-dernegi-zeytin-hasadina-basladi\\\/\"},\"wordCount\":396,\"publisher\":{\"@id\":\"https:\\\/\\\/ataarelief.org\\\/tr\\\/#organization\"},\"image\":{\"@id\":\"https:\\\/\\\/ataarelief.org\\\/tr\\\/ataa-dernegi-zeytin-hasadina-basladi\\\/#primaryimage\"},\"thumbnailUrl\":\"https:\\\/\\\/ataarelief.org\\\/wp-content\\\/uploads\\\/2020\\\/12\\\/\u0642\u0637\u0627\u0641-\u0627\u0644\u0632\u064a\u062a\u0648\u0646--png.avif\",\"articleSection\":[\"G\u0131da G\u00fcvenli\u011fi\",\"Haberler\"],\"inLanguage\":\"tr\"},{\"@type\":\"WebPage\",\"@id\":\"https:\\\/\\\/ataarelief.org\\\/tr\\\/ataa-dernegi-zeytin-hasadina-basladi\\\/\",\"url\":\"https:\\\/\\\/ataarelief.org\\\/tr\\\/ataa-dernegi-zeytin-hasadina-basladi\\\/\",\"name\":\"ATAA Derne\u011fi Zeytin Hasad\u0131na Ba\u015flad\u0131 ATAA RELIEF\",\"isPartOf\":{\"@id\":\"https:\\\/\\\/ataarelief.org\\\/tr\\\/#website\"},\"primaryImageOfPage\":{\"@id\":\"https:\\\/\\\/ataarelief.org\\\/tr\\\/ataa-dernegi-zeytin-hasadina-basladi\\\/#primaryimage\"},\"image\":{\"@id\":\"https:\\\/\\\/ataarelief.org\\\/tr\\\/ataa-dernegi-zeytin-hasadina-basladi\\\/#primaryimage\"},\"thumbnailUrl\":\"https:\\\/\\\/ataarelief.org\\\/wp-content\\\/uploads\\\/2020\\\/12\\\/\u0642\u0637\u0627\u0641-\u0627\u0644\u0632\u064a\u062a\u0648\u0646--png.avif\",\"datePublished\":\"2020-12-01T08:42:20+00:00\",\"description\":\"ATAA \u0130nsani Yard\u0131mla\u015fma Derne\u011fi, 2020 y\u0131l\u0131 Ekim ay\u0131n\u0131n ba\u015f\u0131nda zeytin hasad\u0131na ba\u015flad\u0131. Suriye\u2019nin kuzeyde bulunan Selkiyan \u015fehrindeki k\u00f6ylerde\",\"breadcrumb\":{\"@id\":\"https:\\\/\\\/ataarelief.org\\\/tr\\\/ataa-dernegi-zeytin-hasadina-basladi\\\/#breadcrumb\"},\"inLanguage\":\"tr\",\"potentialAction\":[{\"@type\":\"ReadAction\",\"target\":[\"https:\\\/\\\/ataarelief.org\\\/tr\\\/ataa-dernegi-zeytin-hasadina-basladi\\\/\"]}]},{\"@type\":\"ImageObject\",\"inLanguage\":\"tr\",\"@id\":\"https:\\\/\\\/ataarelief.org\\\/tr\\\/ataa-dernegi-zeytin-hasadina-basladi\\\/#primaryimage\",\"url\":\"https:\\\/\\\/ataarelief.org\\\/wp-content\\\/uploads\\\/2020\\\/12\\\/\u0642\u0637\u0627\u0641-\u0627\u0644\u0632\u064a\u062a\u0648\u0646--png.avif\",\"contentUrl\":\"https:\\\/\\\/ataarelief.org\\\/wp-content\\\/uploads\\\/2020\\\/12\\\/\u0642\u0637\u0627\u0641-\u0627\u0644\u0632\u064a\u062a\u0648\u0646--png.avif\",\"width\":1080,\"height\":720},{\"@type\":\"BreadcrumbList\",\"@id\":\"https:\\\/\\\/ataarelief.org\\\/tr\\\/ataa-dernegi-zeytin-hasadina-basladi\\\/#breadcrumb\",\"itemListElement\":[{\"@type\":\"ListItem\",\"position\":1,\"name\":\"Home\",\"item\":\"https:\\\/\\\/ataarelief.org\\\/tr\\\/\"},{\"@type\":\"ListItem\",\"position\":2,\"name\":\"ATAA Derne\u011fi Zeytin Hasad\u0131na Ba\u015flad\u0131\"}]},{\"@type\":\"WebSite\",\"@id\":\"https:\\\/\\\/ataarelief.org\\\/tr\\\/#website\",\"url\":\"https:\\\/\\\/ataarelief.org\\\/tr\\\/\",\"name\":\"Ataa Relief\",\"description\":\"\",\"publisher\":{\"@id\":\"https:\\\/\\\/ataarelief.org\\\/tr\\\/#organization\"},\"alternateName\":\"Ataa\",\"potentialAction\":[{\"@type\":\"SearchAction\",\"target\":{\"@type\":\"EntryPoint\",\"urlTemplate\":\"https:\\\/\\\/ataarelief.org\\\/tr\\\/?s={search_term_string}\"},\"query-input\":{\"@type\":\"PropertyValueSpecification\",\"valueRequired\":true,\"valueName\":\"search_term_string\"}}],\"inLanguage\":\"tr\"},{\"@type\":\"Organization\",\"@id\":\"https:\\\/\\\/ataarelief.org\\\/tr\\\/#organization\",\"name\":\"Ataa Relief\",\"alternateName\":\"\u062c\u0645\u0639\u064a\u0629 \u0639\u0637\u0627\u0621 \u0644\u0644\u0625\u063a\u0627\u062b\u0629 \u0627\u0644\u0625\u0646\u0633\u0627\u0646\u064a\u0629\",\"url\":\"https:\\\/\\\/ataarelief.org\\\/tr\\\/\",\"logo\":{\"@type\":\"ImageObject\",\"inLanguage\":\"tr\",\"@id\":\"https:\\\/\\\/ataarelief.org\\\/tr\\\/#\\\/schema\\\/logo\\\/image\\\/\",\"url\":\"https:\\\/\\\/ataarelief.org\\\/wp-content\\\/uploads\\\/2020\\\/09\\\/ATAA-logo.svg\",\"contentUrl\":\"https:\\\/\\\/ataarelief.org\\\/wp-content\\\/uploads\\\/2020\\\/09\\\/ATAA-logo.svg\",\"width\":558,\"height\":769,\"caption\":\"Ataa Relief\"},\"image\":{\"@id\":\"https:\\\/\\\/ataarelief.org\\\/tr\\\/#\\\/schema\\\/logo\\\/image\\\/\"},\"sameAs\":[\"https:\\\/\\\/www.facebook.com\\\/AtaaRelief\",\"https:\\\/\\\/x.com\\\/AtaaRelief\",\"https:\\\/\\\/www.instagram.com\\\/ataarelief\\\/\",\"https:\\\/\\\/www.youtube.com\\\/channel\\\/UCiavrRLhS6NbhvyLtRkocuw\",\"https:\\\/\\\/www.linkedin.com\\\/company\\\/ataarelief1\\\/\"],\"description\":\"A non-profit humanitarian organization registered in Turkey. It was established in early 2013 to provide humanitarian relief to the needy and afflicted.\",\"email\":\"info@ataarelief.org\",\"telephone\":\"+902126358904\",\"publishingPrinciples\":\"https:\\\/\\\/ataarelief.org\\\/where-we-work\\\/\",\"ownershipFundingInfo\":\"https:\\\/\\\/ataarelief.org\\\/about-us\\\/\",\"actionableFeedbackPolicy\":\"https:\\\/\\\/ataarelief.org\\\/humanitarian-action-charter\\\/\",\"correctionsPolicy\":\"https:\\\/\\\/ataarelief.org\\\/privacy-policy\\\/\",\"ethicsPolicy\":\"https:\\\/\\\/ataarelief.org\\\/humanitarian-action-charter\\\/\",\"diversityPolicy\":\"https:\\\/\\\/ataarelief.org\\\/terms-of-use\\\/\",\"diversityStaffingReport\":\"https:\\\/\\\/ataarelief.org\\\/join-us\\\/\"},{\"@type\":\"Person\",\"@id\":\"https:\\\/\\\/ataarelief.org\\\/tr\\\/#\\\/schema\\\/person\\\/fa36c8bae4d63da32e4045e7514c6365\",\"name\":\"muatasem haj\",\"image\":{\"@type\":\"ImageObject\",\"inLanguage\":\"tr\",\"@id\":\"https:\\\/\\\/secure.gravatar.com\\\/avatar\\\/d832567531c1667e6bf6b40a72396cb0ca0922d10f76fc0151875371725d2a8a?s=96&d=mm&r=g\",\"url\":\"https:\\\/\\\/secure.gravatar.com\\\/avatar\\\/d832567531c1667e6bf6b40a72396cb0ca0922d10f76fc0151875371725d2a8a?s=96&d=mm&r=g\",\"contentUrl\":\"https:\\\/\\\/secure.gravatar.com\\\/avatar\\\/d832567531c1667e6bf6b40a72396cb0ca0922d10f76fc0151875371725d2a8a?s=96&d=mm&r=g\",\"caption\":\"muatasem haj\"},\"sameAs\":[\"http:\\\/\\\/ataarelief.org\"]}]}<\/script>\n<!-- \/ Yoast SEO Premium plugin. -->","yoast_head_json":{"title":"ATAA Derne\u011fi Zeytin Hasad\u0131na Ba\u015flad\u0131 ATAA RELIEF","description":"ATAA \u0130nsani Yard\u0131mla\u015fma Derne\u011fi, 2020 y\u0131l\u0131 Ekim ay\u0131n\u0131n ba\u015f\u0131nda zeytin hasad\u0131na ba\u015flad\u0131. Suriye\u2019nin kuzeyde bulunan Selkiyan \u015fehrindeki k\u00f6ylerde","robots":{"index":"index","follow":"follow","max-snippet":"max-snippet:-1","max-image-preview":"max-image-preview:large","max-video-preview":"max-video-preview:-1"},"canonical":"https:\/\/ataarelief.org\/tr\/ataa-dernegi-zeytin-hasadina-basladi\/","og_locale":"tr_TR","og_type":"article","og_title":"ATAA Derne\u011fi Zeytin Hasad\u0131na Ba\u015flad\u0131","og_description":"ATAA \u0130nsani Yard\u0131mla\u015fma Derne\u011fi, 2020 y\u0131l\u0131 Ekim ay\u0131n\u0131n ba\u015f\u0131nda zeytin hasad\u0131na ba\u015flad\u0131. Suriye\u2019nin kuzeyde bulunan Selkiyan \u015fehrindeki k\u00f6ylerde","og_url":"https:\/\/ataarelief.org\/tr\/ataa-dernegi-zeytin-hasadina-basladi\/","og_site_name":"ATAA RELIEF","article_publisher":"https:\/\/www.facebook.com\/AtaaRelief","article_published_time":"2020-12-01T08:42:20+00:00","og_image":[{"width":1080,"height":720,"url":"https:\/\/ataarelief.org\/wp-content\/uploads\/2020\/12\/\u0642\u0637\u0627\u0641-\u0627\u0644\u0632\u064a\u062a\u0648\u0646-.png","type":"image\/png"}],"author":"muatasem haj","twitter_card":"summary_large_image","twitter_creator":"@AtaaRelief","twitter_site":"@AtaaRelief","twitter_misc":{"Yazan:":"muatasem haj","Tahmini okuma s\u00fcresi":"2 dakika"},"schema":{"@context":"https:\/\/schema.org","@graph":[{"@type":"Article","@id":"https:\/\/ataarelief.org\/tr\/ataa-dernegi-zeytin-hasadina-basladi\/#article","isPartOf":{"@id":"https:\/\/ataarelief.org\/tr\/ataa-dernegi-zeytin-hasadina-basladi\/"},"author":{"name":"muatasem haj","@id":"https:\/\/ataarelief.org\/tr\/#\/schema\/person\/fa36c8bae4d63da32e4045e7514c6365"},"headline":"ATAA Derne\u011fi Zeytin Hasad\u0131na Ba\u015flad\u0131","datePublished":"2020-12-01T08:42:20+00:00","mainEntityOfPage":{"@id":"https:\/\/ataarelief.org\/tr\/ataa-dernegi-zeytin-hasadina-basladi\/"},"wordCount":396,"publisher":{"@id":"https:\/\/ataarelief.org\/tr\/#organization"},"image":{"@id":"https:\/\/ataarelief.org\/tr\/ataa-dernegi-zeytin-hasadina-basladi\/#primaryimage"},"thumbnailUrl":"https:\/\/ataarelief.org\/wp-content\/uploads\/2020\/12\/\u0642\u0637\u0627\u0641-\u0627\u0644\u0632\u064a\u062a\u0648\u0646--png.avif","articleSection":["G\u0131da G\u00fcvenli\u011fi","Haberler"],"inLanguage":"tr"},{"@type":"WebPage","@id":"https:\/\/ataarelief.org\/tr\/ataa-dernegi-zeytin-hasadina-basladi\/","url":"https:\/\/ataarelief.org\/tr\/ataa-dernegi-zeytin-hasadina-basladi\/","name":"ATAA Derne\u011fi Zeytin Hasad\u0131na Ba\u015flad\u0131 ATAA RELIEF","isPartOf":{"@id":"https:\/\/ataarelief.org\/tr\/#website"},"primaryImageOfPage":{"@id":"https:\/\/ataarelief.org\/tr\/ataa-dernegi-zeytin-hasadina-basladi\/#primaryimage"},"image":{"@id":"https:\/\/ataarelief.org\/tr\/ataa-dernegi-zeytin-hasadina-basladi\/#primaryimage"},"thumbnailUrl":"https:\/\/ataarelief.org\/wp-content\/uploads\/2020\/12\/\u0642\u0637\u0627\u0641-\u0627\u0644\u0632\u064a\u062a\u0648\u0646--png.avif","datePublished":"2020-12-01T08:42:20+00:00","description":"ATAA \u0130nsani Yard\u0131mla\u015fma Derne\u011fi, 2020 y\u0131l\u0131 Ekim ay\u0131n\u0131n ba\u015f\u0131nda zeytin hasad\u0131na ba\u015flad\u0131. Suriye\u2019nin kuzeyde bulunan Selkiyan \u015fehrindeki k\u00f6ylerde","breadcrumb":{"@id":"https:\/\/ataarelief.org\/tr\/ataa-dernegi-zeytin-hasadina-basladi\/#breadcrumb"},"inLanguage":"tr","potentialAction":[{"@type":"ReadAction","target":["https:\/\/ataarelief.org\/tr\/ataa-dernegi-zeytin-hasadina-basladi\/"]}]},{"@type":"ImageObject","inLanguage":"tr","@id":"https:\/\/ataarelief.org\/tr\/ataa-dernegi-zeytin-hasadina-basladi\/#primaryimage","url":"https:\/\/ataarelief.org\/wp-content\/uploads\/2020\/12\/\u0642\u0637\u0627\u0641-\u0627\u0644\u0632\u064a\u062a\u0648\u0646--png.avif","contentUrl":"https:\/\/ataarelief.org\/wp-content\/uploads\/2020\/12\/\u0642\u0637\u0627\u0641-\u0627\u0644\u0632\u064a\u062a\u0648\u0646--png.avif","width":1080,"height":720},{"@type":"BreadcrumbList","@id":"https:\/\/ataarelief.org\/tr\/ataa-dernegi-zeytin-hasadina-basladi\/#breadcrumb","itemListElement":[{"@type":"ListItem","position":1,"name":"Home","item":"https:\/\/ataarelief.org\/tr\/"},{"@type":"ListItem","position":2,"name":"ATAA Derne\u011fi Zeytin Hasad\u0131na Ba\u015flad\u0131"}]},{"@type":"WebSite","@id":"https:\/\/ataarelief.org\/tr\/#website","url":"https:\/\/ataarelief.org\/tr\/","name":"Ataa Relief","description":"","publisher":{"@id":"https:\/\/ataarelief.org\/tr\/#organization"},"alternateName":"Ataa","potentialAction":[{"@type":"SearchAction","target":{"@type":"EntryPoint","urlTemplate":"https:\/\/ataarelief.org\/tr\/?s={search_term_string}"},"query-input":{"@type":"PropertyValueSpecification","valueRequired":true,"valueName":"search_term_string"}}],"inLanguage":"tr"},{"@type":"Organization","@id":"https:\/\/ataarelief.org\/tr\/#organization","name":"Ataa Relief","alternateName":"\u062c\u0645\u0639\u064a\u0629 \u0639\u0637\u0627\u0621 \u0644\u0644\u0625\u063a\u0627\u062b\u0629 \u0627\u0644\u0625\u0646\u0633\u0627\u0646\u064a\u0629","url":"https:\/\/ataarelief.org\/tr\/","logo":{"@type":"ImageObject","inLanguage":"tr","@id":"https:\/\/ataarelief.org\/tr\/#\/schema\/logo\/image\/","url":"https:\/\/ataarelief.org\/wp-content\/uploads\/2020\/09\/ATAA-logo.svg","contentUrl":"https:\/\/ataarelief.org\/wp-content\/uploads\/2020\/09\/ATAA-logo.svg","width":558,"height":769,"caption":"Ataa Relief"},"image":{"@id":"https:\/\/ataarelief.org\/tr\/#\/schema\/logo\/image\/"},"sameAs":["https:\/\/www.facebook.com\/AtaaRelief","https:\/\/x.com\/AtaaRelief","https:\/\/www.instagram.com\/ataarelief\/","https:\/\/www.youtube.com\/channel\/UCiavrRLhS6NbhvyLtRkocuw","https:\/\/www.linkedin.com\/company\/ataarelief1\/"],"description":"A non-profit humanitarian organization registered in Turkey. It was established in early 2013 to provide humanitarian relief to the needy and afflicted.","email":"info@ataarelief.org","telephone":"+902126358904","publishingPrinciples":"https:\/\/ataarelief.org\/where-we-work\/","ownershipFundingInfo":"https:\/\/ataarelief.org\/about-us\/","actionableFeedbackPolicy":"https:\/\/ataarelief.org\/humanitarian-action-charter\/","correctionsPolicy":"https:\/\/ataarelief.org\/privacy-policy\/","ethicsPolicy":"https:\/\/ataarelief.org\/humanitarian-action-charter\/","diversityPolicy":"https:\/\/ataarelief.org\/terms-of-use\/","diversityStaffingReport":"https:\/\/ataarelief.org\/join-us\/"},{"@type":"Person","@id":"https:\/\/ataarelief.org\/tr\/#\/schema\/person\/fa36c8bae4d63da32e4045e7514c6365","name":"muatasem haj","image":{"@type":"ImageObject","inLanguage":"tr","@id":"https:\/\/secure.gravatar.com\/avatar\/d832567531c1667e6bf6b40a72396cb0ca0922d10f76fc0151875371725d2a8a?s=96&d=mm&r=g","url":"https:\/\/secure.gravatar.com\/avatar\/d832567531c1667e6bf6b40a72396cb0ca0922d10f76fc0151875371725d2a8a?s=96&d=mm&r=g","contentUrl":"https:\/\/secure.gravatar.com\/avatar\/d832567531c1667e6bf6b40a72396cb0ca0922d10f76fc0151875371725d2a8a?s=96&d=mm&r=g","caption":"muatasem haj"},"sameAs":["http:\/\/ataarelief.org"]}]}},"_links":{"self":[{"href":"https:\/\/ataarelief.org\/tr\/wp-json\/wp\/v2\/posts\/11110","targetHints":{"allow":["GET"]}}],"collection":[{"href":"https:\/\/ataarelief.org\/tr\/wp-json\/wp\/v2\/posts"}],"about":[{"href":"https:\/\/ataarelief.org\/tr\/wp-json\/wp\/v2\/types\/post"}],"author":[{"embeddable":true,"href":"https:\/\/ataarelief.org\/tr\/wp-json\/wp\/v2\/users\/8"}],"replies":[{"embeddable":true,"href":"https:\/\/ataarelief.org\/tr\/wp-json\/wp\/v2\/comments?post=11110"}],"version-history":[{"count":0,"href":"https:\/\/ataarelief.org\/tr\/wp-json\/wp\/v2\/posts\/11110\/revisions"}],"wp:featuredmedia":[{"embeddable":true,"href":"https:\/\/ataarelief.org\/tr\/wp-json\/wp\/v2\/media\/8423"}],"wp:attachment":[{"href":"https:\/\/ataarelief.org\/tr\/wp-json\/wp\/v2\/media?parent=11110"}],"wp:term":[{"taxonomy":"category","embeddable":true,"href":"https:\/\/ataarelief.org\/tr\/wp-json\/wp\/v2\/categories?post=11110"},{"taxonomy":"post_tag","embeddable":true,"href":"https:\/\/ataarelief.org\/tr\/wp-json\/wp\/v2\/tags?post=11110"}],"curies":[{"name":"wp","href":"https:\/\/api.w.org\/{rel}","templated":true}]}}