{"id":11107,"date":"2020-11-24T11:13:14","date_gmt":"2020-11-24T11:13:14","guid":{"rendered":"https:\/\/ataa.kuarkz.com\/infak-sicakligi-kis-calismasi-faaliyetleri-basladi\/"},"modified":"2020-11-24T11:13:14","modified_gmt":"2020-11-24T11:13:14","slug":"infak-sicakligi-kis-calismasi-faaliyetleri-basladi","status":"publish","type":"post","link":"https:\/\/ataarelief.org\/tr\/infak-sicakligi-kis-calismasi-faaliyetleri-basladi\/","title":{"rendered":"&#8220;\u0130nfak S\u0131cakl\u0131\u011f\u0131&#8221; K\u0131\u015f \u00c7al\u0131\u015fmas\u0131 Faaliyetleri Ba\u015flad\u0131"},"content":{"rendered":"<h4><strong>ATAA \u0130nsani Yard\u0131mla\u015fma Derne\u011fi, M.2020-H.1441 Y\u0131l\u0131 K\u0131\u015f \u00c7al\u0131\u015fmas\u0131n\u0131 \u201c\u0130nfak S\u0131cakl\u0131\u011f\u0131\u201d slogan\u0131 ile ba\u015flatt\u0131. \u00c7al\u0131\u015fma T\u00fcrkiye\u2019nin g\u00fcneyi ve Suriye\u2019nin kuzeyinde bulunan ve \u00e7ok zor \u015fartlarda hayatlar\u0131n\u0131 s\u00fcrd\u00fcren s\u0131\u011f\u0131nmac\u0131 ve g\u00f6\u00e7menlerin k\u0131\u015fl\u0131k ihtiya\u00e7lar\u0131n\u0131 temin ederek yard\u0131mda bulunmay\u0131 hedefliyor.<\/strong><\/h4>\n<p>&nbsp;<\/p>\n<h4><strong><img fetchpriority=\"high\" decoding=\"async\" class=\"alignnone size-full wp-image-2563\" src=\"https:\/\/ataa.kuarkz.com\/wp-content\/uploads\/2020\/11\/\u0627\u0644\u0634\u062a\u0627\u0621-TR.png\" alt=\"\" width=\"1080\" height=\"720\" \/><\/strong><\/h4>\n<p>&nbsp;<\/p>\n<h4><strong>Derne\u011fin kampanya i\u00e7in yapt\u0131\u011f\u0131 ara\u015ft\u0131rma, T\u00fcrkiye ve Suriye\u2019de bulunan 4.1 milyon g\u00f6\u00e7men ve s\u0131\u011f\u0131nmac\u0131n\u0131n \u00e7ok zor insani \u015fartlar alt\u0131nda oldu\u011funu <span style=\"font-size: 18.72px;\">g\u00f6sterdi<\/span>. \u0130dlib, Azez, Afrin ve Cerablus b\u00f6lgelerinde i\u00e7 g\u00f6\u00e7e maruz kalm\u0131\u015f 2.7 milyondan fazla ki\u015fi, yak\u0131t fiyatlar\u0131n\u0131n ve genel olarak ge\u00e7im maliyetinin \u00f6nemli \u00f6l\u00e7\u00fcde artmas\u0131 nedeniyle zor g\u00fcnler ge\u00e7iriyor. S\u0131n\u0131rl\u0131 ve orta seviyede gelirleri olan bu insanlar zor se\u00e7imlerle kar\u015f\u0131 kar\u015f\u0131ya b\u0131rak\u0131l\u0131yor.<\/strong><\/h4>\n<h4><\/h4>\n<h4><\/h4>\n<h4><\/h4>\n<h4><\/h4>\n<p>&nbsp;<\/p>\n<p>&nbsp;<\/p>\n<h4><\/h4>\n<h4><strong>Ayr\u0131ca insani ihtiya\u00e7lar\u0131n ve ticari faaliyetlerin hareketini k\u0131s\u0131tlayan COVID-19 pandemisinin k\u0131\u015f mevsiminde yay\u0131lmas\u0131 ve ge\u00e7ti\u011fimiz d\u00f6nemde Suriye liras\u0131n\u0131n h\u0131zl\u0131 d\u00fc\u015f\u00fc\u015f\u00fc n\u00fcfus \u00fczerinde ekstra bir bask\u0131 olu\u015fturuyor. Pandeminin k\u00fcresel ekonomi \u00fczerindeki genel etkisi, temel ihtiya\u00e7lar\u0131n kar\u015f\u0131lanmas\u0131nda b\u00f6lge halk\u0131n\u0131n insani yard\u0131ma ba\u011f\u0131ml\u0131l\u0131\u011f\u0131n\u0131 da art\u0131r\u0131yor.<\/strong><\/h4>\n<h4><strong>Dernek, web sitesinde bulunan banka hesaplar\u0131 \u00fczerinden kampanyaya katk\u0131da bulunabilirsiniz. Ba\u011f\u0131\u015f i\u00e7in: <a href=\"https:\/\/ataa.kuarkz.com\/banks\/\">*buray\u0131 t\u0131klay\u0131n\u0131z*<\/a><\/strong><\/h4>\n<h4><\/h4>\n<h4><\/h4>\n<h4><\/h4>\n<h4><\/h4>\n<p>&nbsp;<\/p>\n<p>&nbsp;<\/p>\n<h4><\/h4>\n<h4><strong>ATAA \u0130nsani Yard\u0131mla\u015fma Derne\u011fi, sekiz senedir kesintisiz olarak k\u0131\u015f \u00e7al\u0131\u015fmas\u0131 s\u00fcrd\u00fcrmektedir. \u00c7al\u0131\u015fmalar kapsam\u0131nda, 2013 y\u0131l\u0131ndan beri <span style=\"font-size: 18.72px;\">T\u00fcrkiye&#8217;nin g\u00fcneyinde<\/span> ve Suriye\u2019nin kuzeyinde s\u0131\u011f\u0131nmac\u0131 ve g\u00f6\u00e7menlere insani yard\u0131m hizmeti sa\u011flan\u0131yor. Ge\u00e7en y\u0131l ger\u00e7ekle\u015ftirilen k\u0131\u015f \u00e7al\u0131\u015fmas\u0131na bir bu\u00e7uk milyon ABD Dolar\u0131 \u00fczerinde ba\u011f\u0131\u015f ger\u00e7ekle\u015fti. Ba\u011f\u0131\u015flar ile ger\u00e7ekle\u015ftirilen yard\u0131m \u00e7al\u0131\u015fmalar\u0131ndan yakla\u015f\u0131k olarak yar\u0131m milyon ki\u015fi istifade etti.\u00a0<\/strong><\/h4>\n<h4><\/h4>\n<p>&nbsp;<\/p>\n<h4><strong><img decoding=\"async\" class=\"alignnone size-full wp-image-2564\" src=\"https:\/\/ataa.kuarkz.com\/wp-content\/uploads\/2020\/11\/1-TR.png\" alt=\"\" width=\"764\" height=\"1080\" \/><\/strong><\/h4>\n","protected":false},"excerpt":{"rendered":"<p>ATAA \u0130nsani Yard\u0131mla\u015fma Derne\u011fi, M.2020-H.1441 Y\u0131l\u0131 K\u0131\u015f \u00c7al\u0131\u015fmas\u0131n\u0131 \u201c\u0130nfak S\u0131cakl\u0131\u011f\u0131\u201d slogan\u0131 ile ba\u015flatt\u0131. \u00c7al\u0131\u015fma T\u00fcrkiye\u2019nin g\u00fcneyi ve Suriye\u2019nin kuzeyinde bulunan ve \u00e7ok zor \u015fartlarda hayatlar\u0131n\u0131 s\u00fcrd\u00fcren s\u0131\u011f\u0131nmac\u0131 ve g\u00f6\u00e7menlerin k\u0131\u015fl\u0131k ihtiya\u00e7lar\u0131n\u0131 temin ederek yard\u0131mda bulunmay\u0131 hedefliyor. &nbsp; &nbsp; Derne\u011fin kampanya i\u00e7in yapt\u0131\u011f\u0131 ara\u015ft\u0131rma, T\u00fcrkiye ve Suriye\u2019de bulunan 4.1 milyon g\u00f6\u00e7men ve s\u0131\u011f\u0131nmac\u0131n\u0131n \u00e7ok zor insani [&hellip;]<\/p>\n","protected":false},"author":8,"featured_media":8369,"comment_status":"closed","ping_status":"closed","sticky":false,"template":"","format":"standard","meta":{"footnotes":""},"categories":[242,204],"tags":[],"class_list":["post-11107","post","type-post","status-publish","format-standard","has-post-thumbnail","hentry","category-gida-guvenligi","category-news-tr"],"yoast_head":"<!-- This site is optimized with the Yoast SEO Premium plugin v26.1 (Yoast SEO v27.5) - https:\/\/yoast.com\/product\/yoast-seo-premium-wordpress\/ -->\n<title>&quot;\u0130nfak S\u0131cakl\u0131\u011f\u0131&quot; K\u0131\u015f \u00c7al\u0131\u015fmas\u0131 Faaliyetleri Ba\u015flad\u0131 ATAA RELIEF<\/title>\n<meta name=\"description\" content=\"ATAA \u0130nsani Yard\u0131mla\u015fma Derne\u011fi, M.2020-H.1441 Y\u0131l\u0131 K\u0131\u015f \u00c7al\u0131\u015fmas\u0131n\u0131 \u201c\u0130nfak S\u0131cakl\u0131\u011f\u0131\u201d slogan\u0131 ile ba\u015flatt\u0131. \u00c7al\u0131\u015fma T\u00fcrkiye\u2019nin g\u00fcneyi ve Suriye\u2019nin\" \/>\n<meta name=\"robots\" content=\"index, follow, max-snippet:-1, max-image-preview:large, max-video-preview:-1\" \/>\n<link rel=\"canonical\" href=\"https:\/\/ataarelief.org\/tr\/infak-sicakligi-kis-calismasi-faaliyetleri-basladi\/\" \/>\n<meta property=\"og:locale\" content=\"tr_TR\" \/>\n<meta property=\"og:type\" content=\"article\" \/>\n<meta property=\"og:title\" content=\"&quot;\u0130nfak S\u0131cakl\u0131\u011f\u0131&quot; K\u0131\u015f \u00c7al\u0131\u015fmas\u0131 Faaliyetleri Ba\u015flad\u0131\" \/>\n<meta property=\"og:description\" content=\"ATAA \u0130nsani Yard\u0131mla\u015fma Derne\u011fi, M.2020-H.1441 Y\u0131l\u0131 K\u0131\u015f \u00c7al\u0131\u015fmas\u0131n\u0131 \u201c\u0130nfak S\u0131cakl\u0131\u011f\u0131\u201d slogan\u0131 ile ba\u015flatt\u0131. \u00c7al\u0131\u015fma T\u00fcrkiye\u2019nin g\u00fcneyi ve Suriye\u2019nin\" \/>\n<meta property=\"og:url\" content=\"https:\/\/ataarelief.org\/tr\/infak-sicakligi-kis-calismasi-faaliyetleri-basladi\/\" \/>\n<meta property=\"og:site_name\" content=\"ATAA RELIEF\" \/>\n<meta property=\"article:publisher\" content=\"https:\/\/www.facebook.com\/AtaaRelief\" \/>\n<meta property=\"article:published_time\" content=\"2020-11-24T11:13:14+00:00\" \/>\n<meta property=\"og:image\" content=\"https:\/\/ataarelief.org\/wp-content\/uploads\/2020\/11\/\u0627\u0644\u0634\u062a\u0627\u0621.png\" \/>\n\t<meta property=\"og:image:width\" content=\"1080\" \/>\n\t<meta property=\"og:image:height\" content=\"720\" \/>\n\t<meta property=\"og:image:type\" content=\"image\/png\" \/>\n<meta name=\"author\" content=\"muatasem haj\" \/>\n<meta name=\"twitter:card\" content=\"summary_large_image\" \/>\n<meta name=\"twitter:creator\" content=\"@AtaaRelief\" \/>\n<meta name=\"twitter:site\" content=\"@AtaaRelief\" \/>\n<meta name=\"twitter:label1\" content=\"Yazan:\" \/>\n\t<meta name=\"twitter:data1\" content=\"muatasem haj\" \/>\n\t<meta name=\"twitter:label2\" content=\"Tahmini okuma s\u00fcresi\" \/>\n\t<meta name=\"twitter:data2\" content=\"2 dakika\" \/>\n<script type=\"application\/ld+json\" class=\"yoast-schema-graph\">{\"@context\":\"https:\\\/\\\/schema.org\",\"@graph\":[{\"@type\":\"Article\",\"@id\":\"https:\\\/\\\/ataarelief.org\\\/tr\\\/infak-sicakligi-kis-calismasi-faaliyetleri-basladi\\\/#article\",\"isPartOf\":{\"@id\":\"https:\\\/\\\/ataarelief.org\\\/tr\\\/infak-sicakligi-kis-calismasi-faaliyetleri-basladi\\\/\"},\"author\":{\"name\":\"muatasem haj\",\"@id\":\"https:\\\/\\\/ataarelief.org\\\/tr\\\/#\\\/schema\\\/person\\\/fa36c8bae4d63da32e4045e7514c6365\"},\"headline\":\"&#8220;\u0130nfak S\u0131cakl\u0131\u011f\u0131&#8221; K\u0131\u015f \u00c7al\u0131\u015fmas\u0131 Faaliyetleri Ba\u015flad\u0131\",\"datePublished\":\"2020-11-24T11:13:14+00:00\",\"mainEntityOfPage\":{\"@id\":\"https:\\\/\\\/ataarelief.org\\\/tr\\\/infak-sicakligi-kis-calismasi-faaliyetleri-basladi\\\/\"},\"wordCount\":344,\"publisher\":{\"@id\":\"https:\\\/\\\/ataarelief.org\\\/tr\\\/#organization\"},\"image\":{\"@id\":\"https:\\\/\\\/ataarelief.org\\\/tr\\\/infak-sicakligi-kis-calismasi-faaliyetleri-basladi\\\/#primaryimage\"},\"thumbnailUrl\":\"https:\\\/\\\/ataarelief.org\\\/wp-content\\\/uploads\\\/2020\\\/11\\\/\u0627\u0644\u0634\u062a\u0627\u0621-png.avif\",\"articleSection\":[\"G\u0131da G\u00fcvenli\u011fi\",\"Haberler\"],\"inLanguage\":\"tr\"},{\"@type\":\"WebPage\",\"@id\":\"https:\\\/\\\/ataarelief.org\\\/tr\\\/infak-sicakligi-kis-calismasi-faaliyetleri-basladi\\\/\",\"url\":\"https:\\\/\\\/ataarelief.org\\\/tr\\\/infak-sicakligi-kis-calismasi-faaliyetleri-basladi\\\/\",\"name\":\"\\\"\u0130nfak S\u0131cakl\u0131\u011f\u0131\\\" K\u0131\u015f \u00c7al\u0131\u015fmas\u0131 Faaliyetleri Ba\u015flad\u0131 ATAA RELIEF\",\"isPartOf\":{\"@id\":\"https:\\\/\\\/ataarelief.org\\\/tr\\\/#website\"},\"primaryImageOfPage\":{\"@id\":\"https:\\\/\\\/ataarelief.org\\\/tr\\\/infak-sicakligi-kis-calismasi-faaliyetleri-basladi\\\/#primaryimage\"},\"image\":{\"@id\":\"https:\\\/\\\/ataarelief.org\\\/tr\\\/infak-sicakligi-kis-calismasi-faaliyetleri-basladi\\\/#primaryimage\"},\"thumbnailUrl\":\"https:\\\/\\\/ataarelief.org\\\/wp-content\\\/uploads\\\/2020\\\/11\\\/\u0627\u0644\u0634\u062a\u0627\u0621-png.avif\",\"datePublished\":\"2020-11-24T11:13:14+00:00\",\"description\":\"ATAA \u0130nsani Yard\u0131mla\u015fma Derne\u011fi, M.2020-H.1441 Y\u0131l\u0131 K\u0131\u015f \u00c7al\u0131\u015fmas\u0131n\u0131 \u201c\u0130nfak S\u0131cakl\u0131\u011f\u0131\u201d slogan\u0131 ile ba\u015flatt\u0131. \u00c7al\u0131\u015fma T\u00fcrkiye\u2019nin g\u00fcneyi ve Suriye\u2019nin\",\"breadcrumb\":{\"@id\":\"https:\\\/\\\/ataarelief.org\\\/tr\\\/infak-sicakligi-kis-calismasi-faaliyetleri-basladi\\\/#breadcrumb\"},\"inLanguage\":\"tr\",\"potentialAction\":[{\"@type\":\"ReadAction\",\"target\":[\"https:\\\/\\\/ataarelief.org\\\/tr\\\/infak-sicakligi-kis-calismasi-faaliyetleri-basladi\\\/\"]}]},{\"@type\":\"ImageObject\",\"inLanguage\":\"tr\",\"@id\":\"https:\\\/\\\/ataarelief.org\\\/tr\\\/infak-sicakligi-kis-calismasi-faaliyetleri-basladi\\\/#primaryimage\",\"url\":\"https:\\\/\\\/ataarelief.org\\\/wp-content\\\/uploads\\\/2020\\\/11\\\/\u0627\u0644\u0634\u062a\u0627\u0621-png.avif\",\"contentUrl\":\"https:\\\/\\\/ataarelief.org\\\/wp-content\\\/uploads\\\/2020\\\/11\\\/\u0627\u0644\u0634\u062a\u0627\u0621-png.avif\",\"width\":1080,\"height\":720},{\"@type\":\"BreadcrumbList\",\"@id\":\"https:\\\/\\\/ataarelief.org\\\/tr\\\/infak-sicakligi-kis-calismasi-faaliyetleri-basladi\\\/#breadcrumb\",\"itemListElement\":[{\"@type\":\"ListItem\",\"position\":1,\"name\":\"Home\",\"item\":\"https:\\\/\\\/ataarelief.org\\\/tr\\\/\"},{\"@type\":\"ListItem\",\"position\":2,\"name\":\"&#8220;\u0130nfak S\u0131cakl\u0131\u011f\u0131&#8221; K\u0131\u015f \u00c7al\u0131\u015fmas\u0131 Faaliyetleri Ba\u015flad\u0131\"}]},{\"@type\":\"WebSite\",\"@id\":\"https:\\\/\\\/ataarelief.org\\\/tr\\\/#website\",\"url\":\"https:\\\/\\\/ataarelief.org\\\/tr\\\/\",\"name\":\"Ataa Relief\",\"description\":\"\",\"publisher\":{\"@id\":\"https:\\\/\\\/ataarelief.org\\\/tr\\\/#organization\"},\"alternateName\":\"Ataa\",\"potentialAction\":[{\"@type\":\"SearchAction\",\"target\":{\"@type\":\"EntryPoint\",\"urlTemplate\":\"https:\\\/\\\/ataarelief.org\\\/tr\\\/?s={search_term_string}\"},\"query-input\":{\"@type\":\"PropertyValueSpecification\",\"valueRequired\":true,\"valueName\":\"search_term_string\"}}],\"inLanguage\":\"tr\"},{\"@type\":\"Organization\",\"@id\":\"https:\\\/\\\/ataarelief.org\\\/tr\\\/#organization\",\"name\":\"Ataa Relief\",\"alternateName\":\"\u062c\u0645\u0639\u064a\u0629 \u0639\u0637\u0627\u0621 \u0644\u0644\u0625\u063a\u0627\u062b\u0629 \u0627\u0644\u0625\u0646\u0633\u0627\u0646\u064a\u0629\",\"url\":\"https:\\\/\\\/ataarelief.org\\\/tr\\\/\",\"logo\":{\"@type\":\"ImageObject\",\"inLanguage\":\"tr\",\"@id\":\"https:\\\/\\\/ataarelief.org\\\/tr\\\/#\\\/schema\\\/logo\\\/image\\\/\",\"url\":\"https:\\\/\\\/ataarelief.org\\\/wp-content\\\/uploads\\\/2020\\\/09\\\/ATAA-logo.svg\",\"contentUrl\":\"https:\\\/\\\/ataarelief.org\\\/wp-content\\\/uploads\\\/2020\\\/09\\\/ATAA-logo.svg\",\"width\":558,\"height\":769,\"caption\":\"Ataa Relief\"},\"image\":{\"@id\":\"https:\\\/\\\/ataarelief.org\\\/tr\\\/#\\\/schema\\\/logo\\\/image\\\/\"},\"sameAs\":[\"https:\\\/\\\/www.facebook.com\\\/AtaaRelief\",\"https:\\\/\\\/x.com\\\/AtaaRelief\",\"https:\\\/\\\/www.instagram.com\\\/ataarelief\\\/\",\"https:\\\/\\\/www.youtube.com\\\/channel\\\/UCiavrRLhS6NbhvyLtRkocuw\",\"https:\\\/\\\/www.linkedin.com\\\/company\\\/ataarelief1\\\/\"],\"description\":\"A non-profit humanitarian organization registered in Turkey. It was established in early 2013 to provide humanitarian relief to the needy and afflicted.\",\"email\":\"info@ataarelief.org\",\"telephone\":\"+902126358904\",\"publishingPrinciples\":\"https:\\\/\\\/ataarelief.org\\\/where-we-work\\\/\",\"ownershipFundingInfo\":\"https:\\\/\\\/ataarelief.org\\\/about-us\\\/\",\"actionableFeedbackPolicy\":\"https:\\\/\\\/ataarelief.org\\\/humanitarian-action-charter\\\/\",\"correctionsPolicy\":\"https:\\\/\\\/ataarelief.org\\\/privacy-policy\\\/\",\"ethicsPolicy\":\"https:\\\/\\\/ataarelief.org\\\/humanitarian-action-charter\\\/\",\"diversityPolicy\":\"https:\\\/\\\/ataarelief.org\\\/terms-of-use\\\/\",\"diversityStaffingReport\":\"https:\\\/\\\/ataarelief.org\\\/join-us\\\/\"},{\"@type\":\"Person\",\"@id\":\"https:\\\/\\\/ataarelief.org\\\/tr\\\/#\\\/schema\\\/person\\\/fa36c8bae4d63da32e4045e7514c6365\",\"name\":\"muatasem haj\",\"image\":{\"@type\":\"ImageObject\",\"inLanguage\":\"tr\",\"@id\":\"https:\\\/\\\/secure.gravatar.com\\\/avatar\\\/d832567531c1667e6bf6b40a72396cb0ca0922d10f76fc0151875371725d2a8a?s=96&d=mm&r=g\",\"url\":\"https:\\\/\\\/secure.gravatar.com\\\/avatar\\\/d832567531c1667e6bf6b40a72396cb0ca0922d10f76fc0151875371725d2a8a?s=96&d=mm&r=g\",\"contentUrl\":\"https:\\\/\\\/secure.gravatar.com\\\/avatar\\\/d832567531c1667e6bf6b40a72396cb0ca0922d10f76fc0151875371725d2a8a?s=96&d=mm&r=g\",\"caption\":\"muatasem haj\"},\"sameAs\":[\"http:\\\/\\\/ataarelief.org\"]}]}<\/script>\n<!-- \/ Yoast SEO Premium plugin. -->","yoast_head_json":{"title":"\"\u0130nfak S\u0131cakl\u0131\u011f\u0131\" K\u0131\u015f \u00c7al\u0131\u015fmas\u0131 Faaliyetleri Ba\u015flad\u0131 ATAA RELIEF","description":"ATAA \u0130nsani Yard\u0131mla\u015fma Derne\u011fi, M.2020-H.1441 Y\u0131l\u0131 K\u0131\u015f \u00c7al\u0131\u015fmas\u0131n\u0131 \u201c\u0130nfak S\u0131cakl\u0131\u011f\u0131\u201d slogan\u0131 ile ba\u015flatt\u0131. \u00c7al\u0131\u015fma T\u00fcrkiye\u2019nin g\u00fcneyi ve Suriye\u2019nin","robots":{"index":"index","follow":"follow","max-snippet":"max-snippet:-1","max-image-preview":"max-image-preview:large","max-video-preview":"max-video-preview:-1"},"canonical":"https:\/\/ataarelief.org\/tr\/infak-sicakligi-kis-calismasi-faaliyetleri-basladi\/","og_locale":"tr_TR","og_type":"article","og_title":"\"\u0130nfak S\u0131cakl\u0131\u011f\u0131\" K\u0131\u015f \u00c7al\u0131\u015fmas\u0131 Faaliyetleri Ba\u015flad\u0131","og_description":"ATAA \u0130nsani Yard\u0131mla\u015fma Derne\u011fi, M.2020-H.1441 Y\u0131l\u0131 K\u0131\u015f \u00c7al\u0131\u015fmas\u0131n\u0131 \u201c\u0130nfak S\u0131cakl\u0131\u011f\u0131\u201d slogan\u0131 ile ba\u015flatt\u0131. \u00c7al\u0131\u015fma T\u00fcrkiye\u2019nin g\u00fcneyi ve Suriye\u2019nin","og_url":"https:\/\/ataarelief.org\/tr\/infak-sicakligi-kis-calismasi-faaliyetleri-basladi\/","og_site_name":"ATAA RELIEF","article_publisher":"https:\/\/www.facebook.com\/AtaaRelief","article_published_time":"2020-11-24T11:13:14+00:00","og_image":[{"width":1080,"height":720,"url":"https:\/\/ataarelief.org\/wp-content\/uploads\/2020\/11\/\u0627\u0644\u0634\u062a\u0627\u0621.png","type":"image\/png"}],"author":"muatasem haj","twitter_card":"summary_large_image","twitter_creator":"@AtaaRelief","twitter_site":"@AtaaRelief","twitter_misc":{"Yazan:":"muatasem haj","Tahmini okuma s\u00fcresi":"2 dakika"},"schema":{"@context":"https:\/\/schema.org","@graph":[{"@type":"Article","@id":"https:\/\/ataarelief.org\/tr\/infak-sicakligi-kis-calismasi-faaliyetleri-basladi\/#article","isPartOf":{"@id":"https:\/\/ataarelief.org\/tr\/infak-sicakligi-kis-calismasi-faaliyetleri-basladi\/"},"author":{"name":"muatasem haj","@id":"https:\/\/ataarelief.org\/tr\/#\/schema\/person\/fa36c8bae4d63da32e4045e7514c6365"},"headline":"&#8220;\u0130nfak S\u0131cakl\u0131\u011f\u0131&#8221; K\u0131\u015f \u00c7al\u0131\u015fmas\u0131 Faaliyetleri Ba\u015flad\u0131","datePublished":"2020-11-24T11:13:14+00:00","mainEntityOfPage":{"@id":"https:\/\/ataarelief.org\/tr\/infak-sicakligi-kis-calismasi-faaliyetleri-basladi\/"},"wordCount":344,"publisher":{"@id":"https:\/\/ataarelief.org\/tr\/#organization"},"image":{"@id":"https:\/\/ataarelief.org\/tr\/infak-sicakligi-kis-calismasi-faaliyetleri-basladi\/#primaryimage"},"thumbnailUrl":"https:\/\/ataarelief.org\/wp-content\/uploads\/2020\/11\/\u0627\u0644\u0634\u062a\u0627\u0621-png.avif","articleSection":["G\u0131da G\u00fcvenli\u011fi","Haberler"],"inLanguage":"tr"},{"@type":"WebPage","@id":"https:\/\/ataarelief.org\/tr\/infak-sicakligi-kis-calismasi-faaliyetleri-basladi\/","url":"https:\/\/ataarelief.org\/tr\/infak-sicakligi-kis-calismasi-faaliyetleri-basladi\/","name":"\"\u0130nfak S\u0131cakl\u0131\u011f\u0131\" K\u0131\u015f \u00c7al\u0131\u015fmas\u0131 Faaliyetleri Ba\u015flad\u0131 ATAA RELIEF","isPartOf":{"@id":"https:\/\/ataarelief.org\/tr\/#website"},"primaryImageOfPage":{"@id":"https:\/\/ataarelief.org\/tr\/infak-sicakligi-kis-calismasi-faaliyetleri-basladi\/#primaryimage"},"image":{"@id":"https:\/\/ataarelief.org\/tr\/infak-sicakligi-kis-calismasi-faaliyetleri-basladi\/#primaryimage"},"thumbnailUrl":"https:\/\/ataarelief.org\/wp-content\/uploads\/2020\/11\/\u0627\u0644\u0634\u062a\u0627\u0621-png.avif","datePublished":"2020-11-24T11:13:14+00:00","description":"ATAA \u0130nsani Yard\u0131mla\u015fma Derne\u011fi, M.2020-H.1441 Y\u0131l\u0131 K\u0131\u015f \u00c7al\u0131\u015fmas\u0131n\u0131 \u201c\u0130nfak S\u0131cakl\u0131\u011f\u0131\u201d slogan\u0131 ile ba\u015flatt\u0131. \u00c7al\u0131\u015fma T\u00fcrkiye\u2019nin g\u00fcneyi ve Suriye\u2019nin","breadcrumb":{"@id":"https:\/\/ataarelief.org\/tr\/infak-sicakligi-kis-calismasi-faaliyetleri-basladi\/#breadcrumb"},"inLanguage":"tr","potentialAction":[{"@type":"ReadAction","target":["https:\/\/ataarelief.org\/tr\/infak-sicakligi-kis-calismasi-faaliyetleri-basladi\/"]}]},{"@type":"ImageObject","inLanguage":"tr","@id":"https:\/\/ataarelief.org\/tr\/infak-sicakligi-kis-calismasi-faaliyetleri-basladi\/#primaryimage","url":"https:\/\/ataarelief.org\/wp-content\/uploads\/2020\/11\/\u0627\u0644\u0634\u062a\u0627\u0621-png.avif","contentUrl":"https:\/\/ataarelief.org\/wp-content\/uploads\/2020\/11\/\u0627\u0644\u0634\u062a\u0627\u0621-png.avif","width":1080,"height":720},{"@type":"BreadcrumbList","@id":"https:\/\/ataarelief.org\/tr\/infak-sicakligi-kis-calismasi-faaliyetleri-basladi\/#breadcrumb","itemListElement":[{"@type":"ListItem","position":1,"name":"Home","item":"https:\/\/ataarelief.org\/tr\/"},{"@type":"ListItem","position":2,"name":"&#8220;\u0130nfak S\u0131cakl\u0131\u011f\u0131&#8221; K\u0131\u015f \u00c7al\u0131\u015fmas\u0131 Faaliyetleri Ba\u015flad\u0131"}]},{"@type":"WebSite","@id":"https:\/\/ataarelief.org\/tr\/#website","url":"https:\/\/ataarelief.org\/tr\/","name":"Ataa Relief","description":"","publisher":{"@id":"https:\/\/ataarelief.org\/tr\/#organization"},"alternateName":"Ataa","potentialAction":[{"@type":"SearchAction","target":{"@type":"EntryPoint","urlTemplate":"https:\/\/ataarelief.org\/tr\/?s={search_term_string}"},"query-input":{"@type":"PropertyValueSpecification","valueRequired":true,"valueName":"search_term_string"}}],"inLanguage":"tr"},{"@type":"Organization","@id":"https:\/\/ataarelief.org\/tr\/#organization","name":"Ataa Relief","alternateName":"\u062c\u0645\u0639\u064a\u0629 \u0639\u0637\u0627\u0621 \u0644\u0644\u0625\u063a\u0627\u062b\u0629 \u0627\u0644\u0625\u0646\u0633\u0627\u0646\u064a\u0629","url":"https:\/\/ataarelief.org\/tr\/","logo":{"@type":"ImageObject","inLanguage":"tr","@id":"https:\/\/ataarelief.org\/tr\/#\/schema\/logo\/image\/","url":"https:\/\/ataarelief.org\/wp-content\/uploads\/2020\/09\/ATAA-logo.svg","contentUrl":"https:\/\/ataarelief.org\/wp-content\/uploads\/2020\/09\/ATAA-logo.svg","width":558,"height":769,"caption":"Ataa Relief"},"image":{"@id":"https:\/\/ataarelief.org\/tr\/#\/schema\/logo\/image\/"},"sameAs":["https:\/\/www.facebook.com\/AtaaRelief","https:\/\/x.com\/AtaaRelief","https:\/\/www.instagram.com\/ataarelief\/","https:\/\/www.youtube.com\/channel\/UCiavrRLhS6NbhvyLtRkocuw","https:\/\/www.linkedin.com\/company\/ataarelief1\/"],"description":"A non-profit humanitarian organization registered in Turkey. It was established in early 2013 to provide humanitarian relief to the needy and afflicted.","email":"info@ataarelief.org","telephone":"+902126358904","publishingPrinciples":"https:\/\/ataarelief.org\/where-we-work\/","ownershipFundingInfo":"https:\/\/ataarelief.org\/about-us\/","actionableFeedbackPolicy":"https:\/\/ataarelief.org\/humanitarian-action-charter\/","correctionsPolicy":"https:\/\/ataarelief.org\/privacy-policy\/","ethicsPolicy":"https:\/\/ataarelief.org\/humanitarian-action-charter\/","diversityPolicy":"https:\/\/ataarelief.org\/terms-of-use\/","diversityStaffingReport":"https:\/\/ataarelief.org\/join-us\/"},{"@type":"Person","@id":"https:\/\/ataarelief.org\/tr\/#\/schema\/person\/fa36c8bae4d63da32e4045e7514c6365","name":"muatasem haj","image":{"@type":"ImageObject","inLanguage":"tr","@id":"https:\/\/secure.gravatar.com\/avatar\/d832567531c1667e6bf6b40a72396cb0ca0922d10f76fc0151875371725d2a8a?s=96&d=mm&r=g","url":"https:\/\/secure.gravatar.com\/avatar\/d832567531c1667e6bf6b40a72396cb0ca0922d10f76fc0151875371725d2a8a?s=96&d=mm&r=g","contentUrl":"https:\/\/secure.gravatar.com\/avatar\/d832567531c1667e6bf6b40a72396cb0ca0922d10f76fc0151875371725d2a8a?s=96&d=mm&r=g","caption":"muatasem haj"},"sameAs":["http:\/\/ataarelief.org"]}]}},"_links":{"self":[{"href":"https:\/\/ataarelief.org\/tr\/wp-json\/wp\/v2\/posts\/11107","targetHints":{"allow":["GET"]}}],"collection":[{"href":"https:\/\/ataarelief.org\/tr\/wp-json\/wp\/v2\/posts"}],"about":[{"href":"https:\/\/ataarelief.org\/tr\/wp-json\/wp\/v2\/types\/post"}],"author":[{"embeddable":true,"href":"https:\/\/ataarelief.org\/tr\/wp-json\/wp\/v2\/users\/8"}],"replies":[{"embeddable":true,"href":"https:\/\/ataarelief.org\/tr\/wp-json\/wp\/v2\/comments?post=11107"}],"version-history":[{"count":0,"href":"https:\/\/ataarelief.org\/tr\/wp-json\/wp\/v2\/posts\/11107\/revisions"}],"wp:featuredmedia":[{"embeddable":true,"href":"https:\/\/ataarelief.org\/tr\/wp-json\/wp\/v2\/media\/8369"}],"wp:attachment":[{"href":"https:\/\/ataarelief.org\/tr\/wp-json\/wp\/v2\/media?parent=11107"}],"wp:term":[{"taxonomy":"category","embeddable":true,"href":"https:\/\/ataarelief.org\/tr\/wp-json\/wp\/v2\/categories?post=11107"},{"taxonomy":"post_tag","embeddable":true,"href":"https:\/\/ataarelief.org\/tr\/wp-json\/wp\/v2\/tags?post=11107"}],"curies":[{"name":"wp","href":"https:\/\/api.w.org\/{rel}","templated":true}]}}