{"id":11047,"date":"2020-07-13T12:12:54","date_gmt":"2020-07-13T12:12:54","guid":{"rendered":"https:\/\/ataa.kuarkz.com\/kuzey-suriye-okullarindaki-ogrenciler-icin-25-000-maske\/"},"modified":"2020-07-13T12:12:54","modified_gmt":"2020-07-13T12:12:54","slug":"kuzey-suriye-okullarindaki-ogrenciler-icin-25-000-maske","status":"publish","type":"post","link":"https:\/\/ataarelief.org\/tr\/kuzey-suriye-okullarindaki-ogrenciler-icin-25-000-maske\/","title":{"rendered":"Kuzey Suriye Okullar\u0131ndaki \u00d6\u011frenciler \u0130\u00e7in 25.000 Maske"},"content":{"rendered":"<p>ATAA \u0130nsani Yard\u0131mla\u015fma Derne\u011fi, Kuzey Suriye\u2019deki ge\u00e7ici Milli E\u011fitim Bakanl\u0131\u011f\u0131na, Kuzey Suriye\u2019de koronavir\u00fcs\u00fcn yay\u0131lmas\u0131n\u0131 engelleme \u00e7al\u0131\u015fmalar\u0131 kapsam\u0131nda, final s\u0131navlar\u0131na girecek \u00f6\u011frencilere da\u011f\u0131t\u0131lmak \u00fczere 25 bin maske teslim etti.<\/p>\n<p>&nbsp;<\/p>\n<p>ATAA Derne\u011fi Gaziantep Temsilcili\u011fi M\u00fcd\u00fcr\u00fc Wail Dada, ATAA Derne\u011fi\u2019nin maskeleri, STK\u2019lar\u0131n \u00e7al\u0131\u015fmalar y\u00fcr\u00fctt\u00fc\u011f\u00fc b\u00f6lgelerden olan Kuzey Suriye b\u00f6lgesindeki \u00f6\u011frencilerin durumuna g\u00f6sterdikleri \u00f6nem kapsam\u0131nda g\u00f6nderdiklerini belirterek koronavir\u00fcs salg\u0131n\u0131n\u0131n ba\u015flad\u0131\u011f\u0131 zamandan itibaren toplumu her \u015fekilde desteklemek i\u00e7in \u00e7abalad\u0131klar\u0131na dikkat \u00e7ekti.<\/p>\n","protected":false},"excerpt":{"rendered":"<p>ATAA \u0130nsani Yard\u0131mla\u015fma Derne\u011fi, Kuzey Suriye\u2019deki ge\u00e7ici Milli E\u011fitim Bakanl\u0131\u011f\u0131na, Kuzey Suriye\u2019de koronavir\u00fcs\u00fcn yay\u0131lmas\u0131n\u0131 engelleme \u00e7al\u0131\u015fmalar\u0131 kapsam\u0131nda, final s\u0131navlar\u0131na girecek \u00f6\u011frencilere da\u011f\u0131t\u0131lmak \u00fczere 25 bin maske teslim etti. &nbsp; ATAA Derne\u011fi Gaziantep Temsilcili\u011fi M\u00fcd\u00fcr\u00fc Wail Dada, ATAA Derne\u011fi\u2019nin maskeleri, STK\u2019lar\u0131n \u00e7al\u0131\u015fmalar y\u00fcr\u00fctt\u00fc\u011f\u00fc b\u00f6lgelerden olan Kuzey Suriye b\u00f6lgesindeki \u00f6\u011frencilerin durumuna g\u00f6sterdikleri \u00f6nem kapsam\u0131nda g\u00f6nderdiklerini belirterek koronavir\u00fcs [&hellip;]<\/p>\n","protected":false},"author":8,"featured_media":7911,"comment_status":"closed","ping_status":"closed","sticky":false,"template":"","format":"standard","meta":{"footnotes":""},"categories":[204,246],"tags":[],"class_list":["post-11047","post","type-post","status-publish","format-standard","has-post-thumbnail","hentry","category-news-tr","category-saglik"],"yoast_head":"<!-- This site is optimized with the Yoast SEO Premium plugin v26.1 (Yoast SEO v27.4) - https:\/\/yoast.com\/product\/yoast-seo-premium-wordpress\/ -->\n<title>Kuzey Suriye Okullar\u0131ndaki \u00d6\u011frenciler \u0130\u00e7in 25.000 Maske ATAA RELIEF<\/title>\n<meta name=\"description\" content=\"ATAA \u0130nsani Yard\u0131mla\u015fma Derne\u011fi, Kuzey Suriye\u2019deki ge\u00e7ici Milli E\u011fitim Bakanl\u0131\u011f\u0131na, Kuzey Suriye\u2019de koronavir\u00fcs\u00fcn yay\u0131lmas\u0131n\u0131 engelleme \u00e7al\u0131\u015fmalar\u0131\" \/>\n<meta name=\"robots\" content=\"index, follow, max-snippet:-1, max-image-preview:large, max-video-preview:-1\" \/>\n<link rel=\"canonical\" href=\"https:\/\/ataarelief.org\/tr\/kuzey-suriye-okullarindaki-ogrenciler-icin-25-000-maske\/\" \/>\n<meta property=\"og:locale\" content=\"tr_TR\" \/>\n<meta property=\"og:type\" content=\"article\" \/>\n<meta property=\"og:title\" content=\"Kuzey Suriye Okullar\u0131ndaki \u00d6\u011frenciler \u0130\u00e7in 25.000 Maske\" \/>\n<meta property=\"og:description\" content=\"ATAA \u0130nsani Yard\u0131mla\u015fma Derne\u011fi, Kuzey Suriye\u2019deki ge\u00e7ici Milli E\u011fitim Bakanl\u0131\u011f\u0131na, Kuzey Suriye\u2019de koronavir\u00fcs\u00fcn yay\u0131lmas\u0131n\u0131 engelleme \u00e7al\u0131\u015fmalar\u0131\" \/>\n<meta property=\"og:url\" content=\"https:\/\/ataarelief.org\/tr\/kuzey-suriye-okullarindaki-ogrenciler-icin-25-000-maske\/\" \/>\n<meta property=\"og:site_name\" content=\"ATAA RELIEF\" \/>\n<meta property=\"article:publisher\" content=\"https:\/\/www.facebook.com\/AtaaRelief\" \/>\n<meta property=\"article:published_time\" content=\"2020-07-13T12:12:54+00:00\" \/>\n<meta property=\"og:image\" content=\"https:\/\/ataarelief.org\/wp-content\/uploads\/2020\/07\/1-1.png\" \/>\n\t<meta property=\"og:image:width\" content=\"1080\" \/>\n\t<meta property=\"og:image:height\" content=\"720\" \/>\n\t<meta property=\"og:image:type\" content=\"image\/png\" \/>\n<meta name=\"author\" content=\"muatasem haj\" \/>\n<meta name=\"twitter:card\" content=\"summary_large_image\" \/>\n<meta name=\"twitter:creator\" content=\"@AtaaRelief\" \/>\n<meta name=\"twitter:site\" content=\"@AtaaRelief\" \/>\n<meta name=\"twitter:label1\" content=\"Yazan:\" \/>\n\t<meta name=\"twitter:data1\" content=\"muatasem haj\" \/>\n\t<meta name=\"twitter:label2\" content=\"Tahmini okuma s\u00fcresi\" \/>\n\t<meta name=\"twitter:data2\" content=\"1 dakika\" \/>\n<script type=\"application\/ld+json\" class=\"yoast-schema-graph\">{\"@context\":\"https:\\\/\\\/schema.org\",\"@graph\":[{\"@type\":\"Article\",\"@id\":\"https:\\\/\\\/ataarelief.org\\\/tr\\\/kuzey-suriye-okullarindaki-ogrenciler-icin-25-000-maske\\\/#article\",\"isPartOf\":{\"@id\":\"https:\\\/\\\/ataarelief.org\\\/tr\\\/kuzey-suriye-okullarindaki-ogrenciler-icin-25-000-maske\\\/\"},\"author\":{\"name\":\"muatasem haj\",\"@id\":\"https:\\\/\\\/ataarelief.org\\\/tr\\\/#\\\/schema\\\/person\\\/fa36c8bae4d63da32e4045e7514c6365\"},\"headline\":\"Kuzey Suriye Okullar\u0131ndaki \u00d6\u011frenciler \u0130\u00e7in 25.000 Maske\",\"datePublished\":\"2020-07-13T12:12:54+00:00\",\"mainEntityOfPage\":{\"@id\":\"https:\\\/\\\/ataarelief.org\\\/tr\\\/kuzey-suriye-okullarindaki-ogrenciler-icin-25-000-maske\\\/\"},\"wordCount\":115,\"publisher\":{\"@id\":\"https:\\\/\\\/ataarelief.org\\\/tr\\\/#organization\"},\"image\":{\"@id\":\"https:\\\/\\\/ataarelief.org\\\/tr\\\/kuzey-suriye-okullarindaki-ogrenciler-icin-25-000-maske\\\/#primaryimage\"},\"thumbnailUrl\":\"https:\\\/\\\/ataarelief.org\\\/wp-content\\\/uploads\\\/2020\\\/07\\\/1-1-png.avif\",\"articleSection\":[\"Haberler\",\"Sa\u011fl\u0131k\"],\"inLanguage\":\"tr\"},{\"@type\":\"WebPage\",\"@id\":\"https:\\\/\\\/ataarelief.org\\\/tr\\\/kuzey-suriye-okullarindaki-ogrenciler-icin-25-000-maske\\\/\",\"url\":\"https:\\\/\\\/ataarelief.org\\\/tr\\\/kuzey-suriye-okullarindaki-ogrenciler-icin-25-000-maske\\\/\",\"name\":\"Kuzey Suriye Okullar\u0131ndaki \u00d6\u011frenciler \u0130\u00e7in 25.000 Maske ATAA RELIEF\",\"isPartOf\":{\"@id\":\"https:\\\/\\\/ataarelief.org\\\/tr\\\/#website\"},\"primaryImageOfPage\":{\"@id\":\"https:\\\/\\\/ataarelief.org\\\/tr\\\/kuzey-suriye-okullarindaki-ogrenciler-icin-25-000-maske\\\/#primaryimage\"},\"image\":{\"@id\":\"https:\\\/\\\/ataarelief.org\\\/tr\\\/kuzey-suriye-okullarindaki-ogrenciler-icin-25-000-maske\\\/#primaryimage\"},\"thumbnailUrl\":\"https:\\\/\\\/ataarelief.org\\\/wp-content\\\/uploads\\\/2020\\\/07\\\/1-1-png.avif\",\"datePublished\":\"2020-07-13T12:12:54+00:00\",\"description\":\"ATAA \u0130nsani Yard\u0131mla\u015fma Derne\u011fi, Kuzey Suriye\u2019deki ge\u00e7ici Milli E\u011fitim Bakanl\u0131\u011f\u0131na, Kuzey Suriye\u2019de koronavir\u00fcs\u00fcn yay\u0131lmas\u0131n\u0131 engelleme \u00e7al\u0131\u015fmalar\u0131\",\"breadcrumb\":{\"@id\":\"https:\\\/\\\/ataarelief.org\\\/tr\\\/kuzey-suriye-okullarindaki-ogrenciler-icin-25-000-maske\\\/#breadcrumb\"},\"inLanguage\":\"tr\",\"potentialAction\":[{\"@type\":\"ReadAction\",\"target\":[\"https:\\\/\\\/ataarelief.org\\\/tr\\\/kuzey-suriye-okullarindaki-ogrenciler-icin-25-000-maske\\\/\"]}]},{\"@type\":\"ImageObject\",\"inLanguage\":\"tr\",\"@id\":\"https:\\\/\\\/ataarelief.org\\\/tr\\\/kuzey-suriye-okullarindaki-ogrenciler-icin-25-000-maske\\\/#primaryimage\",\"url\":\"https:\\\/\\\/ataarelief.org\\\/wp-content\\\/uploads\\\/2020\\\/07\\\/1-1-png.avif\",\"contentUrl\":\"https:\\\/\\\/ataarelief.org\\\/wp-content\\\/uploads\\\/2020\\\/07\\\/1-1-png.avif\",\"width\":1080,\"height\":720},{\"@type\":\"BreadcrumbList\",\"@id\":\"https:\\\/\\\/ataarelief.org\\\/tr\\\/kuzey-suriye-okullarindaki-ogrenciler-icin-25-000-maske\\\/#breadcrumb\",\"itemListElement\":[{\"@type\":\"ListItem\",\"position\":1,\"name\":\"Home\",\"item\":\"https:\\\/\\\/ataarelief.org\\\/tr\\\/\"},{\"@type\":\"ListItem\",\"position\":2,\"name\":\"Kuzey Suriye Okullar\u0131ndaki \u00d6\u011frenciler \u0130\u00e7in 25.000 Maske\"}]},{\"@type\":\"WebSite\",\"@id\":\"https:\\\/\\\/ataarelief.org\\\/tr\\\/#website\",\"url\":\"https:\\\/\\\/ataarelief.org\\\/tr\\\/\",\"name\":\"Ataa Relief\",\"description\":\"\",\"publisher\":{\"@id\":\"https:\\\/\\\/ataarelief.org\\\/tr\\\/#organization\"},\"alternateName\":\"Ataa\",\"potentialAction\":[{\"@type\":\"SearchAction\",\"target\":{\"@type\":\"EntryPoint\",\"urlTemplate\":\"https:\\\/\\\/ataarelief.org\\\/tr\\\/?s={search_term_string}\"},\"query-input\":{\"@type\":\"PropertyValueSpecification\",\"valueRequired\":true,\"valueName\":\"search_term_string\"}}],\"inLanguage\":\"tr\"},{\"@type\":\"Organization\",\"@id\":\"https:\\\/\\\/ataarelief.org\\\/tr\\\/#organization\",\"name\":\"Ataa Relief\",\"alternateName\":\"\u062c\u0645\u0639\u064a\u0629 \u0639\u0637\u0627\u0621 \u0644\u0644\u0625\u063a\u0627\u062b\u0629 \u0627\u0644\u0625\u0646\u0633\u0627\u0646\u064a\u0629\",\"url\":\"https:\\\/\\\/ataarelief.org\\\/tr\\\/\",\"logo\":{\"@type\":\"ImageObject\",\"inLanguage\":\"tr\",\"@id\":\"https:\\\/\\\/ataarelief.org\\\/tr\\\/#\\\/schema\\\/logo\\\/image\\\/\",\"url\":\"https:\\\/\\\/ataarelief.org\\\/wp-content\\\/uploads\\\/2020\\\/09\\\/ATAA-logo.svg\",\"contentUrl\":\"https:\\\/\\\/ataarelief.org\\\/wp-content\\\/uploads\\\/2020\\\/09\\\/ATAA-logo.svg\",\"width\":558,\"height\":769,\"caption\":\"Ataa Relief\"},\"image\":{\"@id\":\"https:\\\/\\\/ataarelief.org\\\/tr\\\/#\\\/schema\\\/logo\\\/image\\\/\"},\"sameAs\":[\"https:\\\/\\\/www.facebook.com\\\/AtaaRelief\",\"https:\\\/\\\/x.com\\\/AtaaRelief\",\"https:\\\/\\\/www.instagram.com\\\/ataarelief\\\/\",\"https:\\\/\\\/www.youtube.com\\\/channel\\\/UCiavrRLhS6NbhvyLtRkocuw\",\"https:\\\/\\\/www.linkedin.com\\\/company\\\/ataarelief1\\\/\"],\"description\":\"A non-profit humanitarian organization registered in Turkey. It was established in early 2013 to provide humanitarian relief to the needy and afflicted.\",\"email\":\"info@ataarelief.org\",\"telephone\":\"+902126358904\",\"publishingPrinciples\":\"https:\\\/\\\/ataarelief.org\\\/where-we-work\\\/\",\"ownershipFundingInfo\":\"https:\\\/\\\/ataarelief.org\\\/about-us\\\/\",\"actionableFeedbackPolicy\":\"https:\\\/\\\/ataarelief.org\\\/humanitarian-action-charter\\\/\",\"correctionsPolicy\":\"https:\\\/\\\/ataarelief.org\\\/privacy-policy\\\/\",\"ethicsPolicy\":\"https:\\\/\\\/ataarelief.org\\\/humanitarian-action-charter\\\/\",\"diversityPolicy\":\"https:\\\/\\\/ataarelief.org\\\/terms-of-use\\\/\",\"diversityStaffingReport\":\"https:\\\/\\\/ataarelief.org\\\/join-us\\\/\"},{\"@type\":\"Person\",\"@id\":\"https:\\\/\\\/ataarelief.org\\\/tr\\\/#\\\/schema\\\/person\\\/fa36c8bae4d63da32e4045e7514c6365\",\"name\":\"muatasem haj\",\"image\":{\"@type\":\"ImageObject\",\"inLanguage\":\"tr\",\"@id\":\"https:\\\/\\\/secure.gravatar.com\\\/avatar\\\/d832567531c1667e6bf6b40a72396cb0ca0922d10f76fc0151875371725d2a8a?s=96&d=mm&r=g\",\"url\":\"https:\\\/\\\/secure.gravatar.com\\\/avatar\\\/d832567531c1667e6bf6b40a72396cb0ca0922d10f76fc0151875371725d2a8a?s=96&d=mm&r=g\",\"contentUrl\":\"https:\\\/\\\/secure.gravatar.com\\\/avatar\\\/d832567531c1667e6bf6b40a72396cb0ca0922d10f76fc0151875371725d2a8a?s=96&d=mm&r=g\",\"caption\":\"muatasem haj\"},\"sameAs\":[\"http:\\\/\\\/ataarelief.org\"]}]}<\/script>\n<!-- \/ Yoast SEO Premium plugin. -->","yoast_head_json":{"title":"Kuzey Suriye Okullar\u0131ndaki \u00d6\u011frenciler \u0130\u00e7in 25.000 Maske ATAA RELIEF","description":"ATAA \u0130nsani Yard\u0131mla\u015fma Derne\u011fi, Kuzey Suriye\u2019deki ge\u00e7ici Milli E\u011fitim Bakanl\u0131\u011f\u0131na, Kuzey Suriye\u2019de koronavir\u00fcs\u00fcn yay\u0131lmas\u0131n\u0131 engelleme \u00e7al\u0131\u015fmalar\u0131","robots":{"index":"index","follow":"follow","max-snippet":"max-snippet:-1","max-image-preview":"max-image-preview:large","max-video-preview":"max-video-preview:-1"},"canonical":"https:\/\/ataarelief.org\/tr\/kuzey-suriye-okullarindaki-ogrenciler-icin-25-000-maske\/","og_locale":"tr_TR","og_type":"article","og_title":"Kuzey Suriye Okullar\u0131ndaki \u00d6\u011frenciler \u0130\u00e7in 25.000 Maske","og_description":"ATAA \u0130nsani Yard\u0131mla\u015fma Derne\u011fi, Kuzey Suriye\u2019deki ge\u00e7ici Milli E\u011fitim Bakanl\u0131\u011f\u0131na, Kuzey Suriye\u2019de koronavir\u00fcs\u00fcn yay\u0131lmas\u0131n\u0131 engelleme \u00e7al\u0131\u015fmalar\u0131","og_url":"https:\/\/ataarelief.org\/tr\/kuzey-suriye-okullarindaki-ogrenciler-icin-25-000-maske\/","og_site_name":"ATAA RELIEF","article_publisher":"https:\/\/www.facebook.com\/AtaaRelief","article_published_time":"2020-07-13T12:12:54+00:00","og_image":[{"width":1080,"height":720,"url":"https:\/\/ataarelief.org\/wp-content\/uploads\/2020\/07\/1-1.png","type":"image\/png"}],"author":"muatasem haj","twitter_card":"summary_large_image","twitter_creator":"@AtaaRelief","twitter_site":"@AtaaRelief","twitter_misc":{"Yazan:":"muatasem haj","Tahmini okuma s\u00fcresi":"1 dakika"},"schema":{"@context":"https:\/\/schema.org","@graph":[{"@type":"Article","@id":"https:\/\/ataarelief.org\/tr\/kuzey-suriye-okullarindaki-ogrenciler-icin-25-000-maske\/#article","isPartOf":{"@id":"https:\/\/ataarelief.org\/tr\/kuzey-suriye-okullarindaki-ogrenciler-icin-25-000-maske\/"},"author":{"name":"muatasem haj","@id":"https:\/\/ataarelief.org\/tr\/#\/schema\/person\/fa36c8bae4d63da32e4045e7514c6365"},"headline":"Kuzey Suriye Okullar\u0131ndaki \u00d6\u011frenciler \u0130\u00e7in 25.000 Maske","datePublished":"2020-07-13T12:12:54+00:00","mainEntityOfPage":{"@id":"https:\/\/ataarelief.org\/tr\/kuzey-suriye-okullarindaki-ogrenciler-icin-25-000-maske\/"},"wordCount":115,"publisher":{"@id":"https:\/\/ataarelief.org\/tr\/#organization"},"image":{"@id":"https:\/\/ataarelief.org\/tr\/kuzey-suriye-okullarindaki-ogrenciler-icin-25-000-maske\/#primaryimage"},"thumbnailUrl":"https:\/\/ataarelief.org\/wp-content\/uploads\/2020\/07\/1-1-png.avif","articleSection":["Haberler","Sa\u011fl\u0131k"],"inLanguage":"tr"},{"@type":"WebPage","@id":"https:\/\/ataarelief.org\/tr\/kuzey-suriye-okullarindaki-ogrenciler-icin-25-000-maske\/","url":"https:\/\/ataarelief.org\/tr\/kuzey-suriye-okullarindaki-ogrenciler-icin-25-000-maske\/","name":"Kuzey Suriye Okullar\u0131ndaki \u00d6\u011frenciler \u0130\u00e7in 25.000 Maske ATAA RELIEF","isPartOf":{"@id":"https:\/\/ataarelief.org\/tr\/#website"},"primaryImageOfPage":{"@id":"https:\/\/ataarelief.org\/tr\/kuzey-suriye-okullarindaki-ogrenciler-icin-25-000-maske\/#primaryimage"},"image":{"@id":"https:\/\/ataarelief.org\/tr\/kuzey-suriye-okullarindaki-ogrenciler-icin-25-000-maske\/#primaryimage"},"thumbnailUrl":"https:\/\/ataarelief.org\/wp-content\/uploads\/2020\/07\/1-1-png.avif","datePublished":"2020-07-13T12:12:54+00:00","description":"ATAA \u0130nsani Yard\u0131mla\u015fma Derne\u011fi, Kuzey Suriye\u2019deki ge\u00e7ici Milli E\u011fitim Bakanl\u0131\u011f\u0131na, Kuzey Suriye\u2019de koronavir\u00fcs\u00fcn yay\u0131lmas\u0131n\u0131 engelleme \u00e7al\u0131\u015fmalar\u0131","breadcrumb":{"@id":"https:\/\/ataarelief.org\/tr\/kuzey-suriye-okullarindaki-ogrenciler-icin-25-000-maske\/#breadcrumb"},"inLanguage":"tr","potentialAction":[{"@type":"ReadAction","target":["https:\/\/ataarelief.org\/tr\/kuzey-suriye-okullarindaki-ogrenciler-icin-25-000-maske\/"]}]},{"@type":"ImageObject","inLanguage":"tr","@id":"https:\/\/ataarelief.org\/tr\/kuzey-suriye-okullarindaki-ogrenciler-icin-25-000-maske\/#primaryimage","url":"https:\/\/ataarelief.org\/wp-content\/uploads\/2020\/07\/1-1-png.avif","contentUrl":"https:\/\/ataarelief.org\/wp-content\/uploads\/2020\/07\/1-1-png.avif","width":1080,"height":720},{"@type":"BreadcrumbList","@id":"https:\/\/ataarelief.org\/tr\/kuzey-suriye-okullarindaki-ogrenciler-icin-25-000-maske\/#breadcrumb","itemListElement":[{"@type":"ListItem","position":1,"name":"Home","item":"https:\/\/ataarelief.org\/tr\/"},{"@type":"ListItem","position":2,"name":"Kuzey Suriye Okullar\u0131ndaki \u00d6\u011frenciler \u0130\u00e7in 25.000 Maske"}]},{"@type":"WebSite","@id":"https:\/\/ataarelief.org\/tr\/#website","url":"https:\/\/ataarelief.org\/tr\/","name":"Ataa Relief","description":"","publisher":{"@id":"https:\/\/ataarelief.org\/tr\/#organization"},"alternateName":"Ataa","potentialAction":[{"@type":"SearchAction","target":{"@type":"EntryPoint","urlTemplate":"https:\/\/ataarelief.org\/tr\/?s={search_term_string}"},"query-input":{"@type":"PropertyValueSpecification","valueRequired":true,"valueName":"search_term_string"}}],"inLanguage":"tr"},{"@type":"Organization","@id":"https:\/\/ataarelief.org\/tr\/#organization","name":"Ataa Relief","alternateName":"\u062c\u0645\u0639\u064a\u0629 \u0639\u0637\u0627\u0621 \u0644\u0644\u0625\u063a\u0627\u062b\u0629 \u0627\u0644\u0625\u0646\u0633\u0627\u0646\u064a\u0629","url":"https:\/\/ataarelief.org\/tr\/","logo":{"@type":"ImageObject","inLanguage":"tr","@id":"https:\/\/ataarelief.org\/tr\/#\/schema\/logo\/image\/","url":"https:\/\/ataarelief.org\/wp-content\/uploads\/2020\/09\/ATAA-logo.svg","contentUrl":"https:\/\/ataarelief.org\/wp-content\/uploads\/2020\/09\/ATAA-logo.svg","width":558,"height":769,"caption":"Ataa Relief"},"image":{"@id":"https:\/\/ataarelief.org\/tr\/#\/schema\/logo\/image\/"},"sameAs":["https:\/\/www.facebook.com\/AtaaRelief","https:\/\/x.com\/AtaaRelief","https:\/\/www.instagram.com\/ataarelief\/","https:\/\/www.youtube.com\/channel\/UCiavrRLhS6NbhvyLtRkocuw","https:\/\/www.linkedin.com\/company\/ataarelief1\/"],"description":"A non-profit humanitarian organization registered in Turkey. It was established in early 2013 to provide humanitarian relief to the needy and afflicted.","email":"info@ataarelief.org","telephone":"+902126358904","publishingPrinciples":"https:\/\/ataarelief.org\/where-we-work\/","ownershipFundingInfo":"https:\/\/ataarelief.org\/about-us\/","actionableFeedbackPolicy":"https:\/\/ataarelief.org\/humanitarian-action-charter\/","correctionsPolicy":"https:\/\/ataarelief.org\/privacy-policy\/","ethicsPolicy":"https:\/\/ataarelief.org\/humanitarian-action-charter\/","diversityPolicy":"https:\/\/ataarelief.org\/terms-of-use\/","diversityStaffingReport":"https:\/\/ataarelief.org\/join-us\/"},{"@type":"Person","@id":"https:\/\/ataarelief.org\/tr\/#\/schema\/person\/fa36c8bae4d63da32e4045e7514c6365","name":"muatasem haj","image":{"@type":"ImageObject","inLanguage":"tr","@id":"https:\/\/secure.gravatar.com\/avatar\/d832567531c1667e6bf6b40a72396cb0ca0922d10f76fc0151875371725d2a8a?s=96&d=mm&r=g","url":"https:\/\/secure.gravatar.com\/avatar\/d832567531c1667e6bf6b40a72396cb0ca0922d10f76fc0151875371725d2a8a?s=96&d=mm&r=g","contentUrl":"https:\/\/secure.gravatar.com\/avatar\/d832567531c1667e6bf6b40a72396cb0ca0922d10f76fc0151875371725d2a8a?s=96&d=mm&r=g","caption":"muatasem haj"},"sameAs":["http:\/\/ataarelief.org"]}]}},"_links":{"self":[{"href":"https:\/\/ataarelief.org\/tr\/wp-json\/wp\/v2\/posts\/11047","targetHints":{"allow":["GET"]}}],"collection":[{"href":"https:\/\/ataarelief.org\/tr\/wp-json\/wp\/v2\/posts"}],"about":[{"href":"https:\/\/ataarelief.org\/tr\/wp-json\/wp\/v2\/types\/post"}],"author":[{"embeddable":true,"href":"https:\/\/ataarelief.org\/tr\/wp-json\/wp\/v2\/users\/8"}],"replies":[{"embeddable":true,"href":"https:\/\/ataarelief.org\/tr\/wp-json\/wp\/v2\/comments?post=11047"}],"version-history":[{"count":0,"href":"https:\/\/ataarelief.org\/tr\/wp-json\/wp\/v2\/posts\/11047\/revisions"}],"wp:featuredmedia":[{"embeddable":true,"href":"https:\/\/ataarelief.org\/tr\/wp-json\/wp\/v2\/media\/7911"}],"wp:attachment":[{"href":"https:\/\/ataarelief.org\/tr\/wp-json\/wp\/v2\/media?parent=11047"}],"wp:term":[{"taxonomy":"category","embeddable":true,"href":"https:\/\/ataarelief.org\/tr\/wp-json\/wp\/v2\/categories?post=11047"},{"taxonomy":"post_tag","embeddable":true,"href":"https:\/\/ataarelief.org\/tr\/wp-json\/wp\/v2\/tags?post=11047"}],"curies":[{"name":"wp","href":"https:\/\/api.w.org\/{rel}","templated":true}]}}