{"id":10919,"date":"2019-10-08T08:23:46","date_gmt":"2019-10-08T08:23:46","guid":{"rendered":"https:\/\/ataa.kuarkz.com\/ataa-insani-yardimlasma-dernegi-uluslararasi-arapca-kitap-fuarina-katildi\/"},"modified":"2019-10-08T08:23:46","modified_gmt":"2019-10-08T08:23:46","slug":"ataa-insani-yardimlasma-dernegi-uluslararasi-arapca-kitap-fuarina-katildi","status":"publish","type":"post","link":"https:\/\/ataarelief.org\/tr\/ataa-insani-yardimlasma-dernegi-uluslararasi-arapca-kitap-fuarina-katildi\/","title":{"rendered":"ATAA \u0130nsani Yard\u0131mla\u015fma Derne\u011fi Uluslararas\u0131 Arap\u00e7a Kitap Fuar\u0131na Kat\u0131ld\u0131"},"content":{"rendered":"<p>\u201c5&#8217;inci Uluslararas\u0131 \u0130stanbul Arap\u00e7a Kitap Fuar\u0131\u201d sona erdi. Avrasya G\u00f6steri ve Sanat Merkezi&#8217;nde ger\u00e7ekle\u015fen fura 15 \u00fclkeden 200 \u00fczerinde yay\u0131nevi kat\u0131ld\u0131.<br \/>\nATAA \u0130nsani Yard\u0131mla\u015fma Derne\u011fi 28 Eyl\u00fcl-6 Ekim tarihleri aras\u0131nda ger\u00e7ekle\u015fen 5&#8217;inci Uluslararas\u0131 \u0130stanbul Arap\u00e7a Kitap Fuar\u0131&#8217;na 9 g\u00fcn boyunca tam kat\u0131l\u0131m g\u00f6sterdi. K\u00fc\u00e7\u00fck ziyaret\u00e7ilerimize ATAA \u00c7ocuk Dergisinin 16. Say\u0131s\u0131 hediye edildi ve Derne\u011fimizin Suriye i\u00e7erisinde bulunan kaplardaki \u00e7ocuklar i\u00e7in k\u00fct\u00fcphane olu\u015fturmak amac\u0131yla ba\u015flatt\u0131\u011f\u0131 Benim Kitab\u0131m Senin Kampanyas\u0131 i\u00e7in 1500 \u00fczerinde kitap topland\u0131.<\/p>\n","protected":false},"excerpt":{"rendered":"<p>\u201c5&#8217;inci Uluslararas\u0131 \u0130stanbul Arap\u00e7a Kitap Fuar\u0131\u201d sona erdi. Avrasya G\u00f6steri ve Sanat Merkezi&#8217;nde ger\u00e7ekle\u015fen fura 15 \u00fclkeden 200 \u00fczerinde yay\u0131nevi kat\u0131ld\u0131. ATAA \u0130nsani Yard\u0131mla\u015fma Derne\u011fi 28 Eyl\u00fcl-6 Ekim tarihleri aras\u0131nda ger\u00e7ekle\u015fen 5&#8217;inci Uluslararas\u0131 \u0130stanbul Arap\u00e7a Kitap Fuar\u0131&#8217;na 9 g\u00fcn boyunca tam kat\u0131l\u0131m g\u00f6sterdi. K\u00fc\u00e7\u00fck ziyaret\u00e7ilerimize ATAA \u00c7ocuk Dergisinin 16. Say\u0131s\u0131 hediye edildi ve Derne\u011fimizin Suriye [&hellip;]<\/p>\n","protected":false},"author":5,"featured_media":7319,"comment_status":"closed","ping_status":"closed","sticky":false,"template":"","format":"standard","meta":{"footnotes":""},"categories":[235,204],"tags":[223],"class_list":["post-10919","post","type-post","status-publish","format-standard","has-post-thumbnail","hentry","category-egitim","category-news-tr","tag-ataa-tr"],"yoast_head":"<!-- This site is optimized with the Yoast SEO Premium plugin v26.1 (Yoast SEO v27.5) - https:\/\/yoast.com\/product\/yoast-seo-premium-wordpress\/ -->\n<title>ATAA \u0130nsani Yard\u0131mla\u015fma Derne\u011fi Uluslararas\u0131 Arap\u00e7a Kitap Fuar\u0131na Kat\u0131ld\u0131 ATAA RELIEF<\/title>\n<meta name=\"description\" content=\"\u201c5&#039;inci Uluslararas\u0131 \u0130stanbul Arap\u00e7a Kitap Fuar\u0131\u201d sona erdi. Avrasya G\u00f6steri ve Sanat Merkezi&#039;nde ger\u00e7ekle\u015fen fura 15 \u00fclkeden 200 \u00fczerinde yay\u0131nevi\" \/>\n<meta name=\"robots\" content=\"index, follow, max-snippet:-1, max-image-preview:large, max-video-preview:-1\" \/>\n<link rel=\"canonical\" href=\"https:\/\/ataarelief.org\/tr\/ataa-insani-yardimlasma-dernegi-uluslararasi-arapca-kitap-fuarina-katildi\/\" \/>\n<meta property=\"og:locale\" content=\"tr_TR\" \/>\n<meta property=\"og:type\" content=\"article\" \/>\n<meta property=\"og:title\" content=\"ATAA \u0130nsani Yard\u0131mla\u015fma Derne\u011fi Uluslararas\u0131 Arap\u00e7a Kitap Fuar\u0131na Kat\u0131ld\u0131\" \/>\n<meta property=\"og:description\" content=\"\u201c5&#039;inci Uluslararas\u0131 \u0130stanbul Arap\u00e7a Kitap Fuar\u0131\u201d sona erdi. Avrasya G\u00f6steri ve Sanat Merkezi&#039;nde ger\u00e7ekle\u015fen fura 15 \u00fclkeden 200 \u00fczerinde yay\u0131nevi\" \/>\n<meta property=\"og:url\" content=\"https:\/\/ataarelief.org\/tr\/ataa-insani-yardimlasma-dernegi-uluslararasi-arapca-kitap-fuarina-katildi\/\" \/>\n<meta property=\"og:site_name\" content=\"ATAA RELIEF\" \/>\n<meta property=\"article:publisher\" content=\"https:\/\/www.facebook.com\/AtaaRelief\" \/>\n<meta property=\"article:published_time\" content=\"2019-10-08T08:23:46+00:00\" \/>\n<meta property=\"og:image\" content=\"https:\/\/ataarelief.org\/wp-content\/uploads\/2019\/10\/1080-by-720-pixel-News.jpg\" \/>\n\t<meta property=\"og:image:width\" content=\"1080\" \/>\n\t<meta property=\"og:image:height\" content=\"720\" \/>\n\t<meta property=\"og:image:type\" content=\"image\/jpeg\" \/>\n<meta name=\"author\" content=\"muhammed.kernibo\" \/>\n<meta name=\"twitter:card\" content=\"summary_large_image\" \/>\n<meta name=\"twitter:creator\" content=\"@AtaaRelief\" \/>\n<meta name=\"twitter:site\" content=\"@AtaaRelief\" \/>\n<meta name=\"twitter:label1\" content=\"Yazan:\" \/>\n\t<meta name=\"twitter:data1\" content=\"muhammed.kernibo\" \/>\n<script type=\"application\/ld+json\" class=\"yoast-schema-graph\">{\"@context\":\"https:\\\/\\\/schema.org\",\"@graph\":[{\"@type\":\"Article\",\"@id\":\"https:\\\/\\\/ataarelief.org\\\/tr\\\/ataa-insani-yardimlasma-dernegi-uluslararasi-arapca-kitap-fuarina-katildi\\\/#article\",\"isPartOf\":{\"@id\":\"https:\\\/\\\/ataarelief.org\\\/tr\\\/ataa-insani-yardimlasma-dernegi-uluslararasi-arapca-kitap-fuarina-katildi\\\/\"},\"author\":{\"name\":\"muhammed.kernibo\",\"@id\":\"https:\\\/\\\/ataarelief.org\\\/tr\\\/#\\\/schema\\\/person\\\/09a0d14430b68c98bfdcbed7984ad9c4\"},\"headline\":\"ATAA \u0130nsani Yard\u0131mla\u015fma Derne\u011fi Uluslararas\u0131 Arap\u00e7a Kitap Fuar\u0131na Kat\u0131ld\u0131\",\"datePublished\":\"2019-10-08T08:23:46+00:00\",\"mainEntityOfPage\":{\"@id\":\"https:\\\/\\\/ataarelief.org\\\/tr\\\/ataa-insani-yardimlasma-dernegi-uluslararasi-arapca-kitap-fuarina-katildi\\\/\"},\"wordCount\":115,\"publisher\":{\"@id\":\"https:\\\/\\\/ataarelief.org\\\/tr\\\/#organization\"},\"image\":{\"@id\":\"https:\\\/\\\/ataarelief.org\\\/tr\\\/ataa-insani-yardimlasma-dernegi-uluslararasi-arapca-kitap-fuarina-katildi\\\/#primaryimage\"},\"thumbnailUrl\":\"https:\\\/\\\/ataarelief.org\\\/wp-content\\\/uploads\\\/2019\\\/10\\\/1080-by-720-pixel-News.avif\",\"keywords\":[\"ATAA\"],\"articleSection\":[\"E\u011fitim\",\"Haberler\"],\"inLanguage\":\"tr\"},{\"@type\":\"WebPage\",\"@id\":\"https:\\\/\\\/ataarelief.org\\\/tr\\\/ataa-insani-yardimlasma-dernegi-uluslararasi-arapca-kitap-fuarina-katildi\\\/\",\"url\":\"https:\\\/\\\/ataarelief.org\\\/tr\\\/ataa-insani-yardimlasma-dernegi-uluslararasi-arapca-kitap-fuarina-katildi\\\/\",\"name\":\"ATAA \u0130nsani Yard\u0131mla\u015fma Derne\u011fi Uluslararas\u0131 Arap\u00e7a Kitap Fuar\u0131na Kat\u0131ld\u0131 ATAA RELIEF\",\"isPartOf\":{\"@id\":\"https:\\\/\\\/ataarelief.org\\\/tr\\\/#website\"},\"primaryImageOfPage\":{\"@id\":\"https:\\\/\\\/ataarelief.org\\\/tr\\\/ataa-insani-yardimlasma-dernegi-uluslararasi-arapca-kitap-fuarina-katildi\\\/#primaryimage\"},\"image\":{\"@id\":\"https:\\\/\\\/ataarelief.org\\\/tr\\\/ataa-insani-yardimlasma-dernegi-uluslararasi-arapca-kitap-fuarina-katildi\\\/#primaryimage\"},\"thumbnailUrl\":\"https:\\\/\\\/ataarelief.org\\\/wp-content\\\/uploads\\\/2019\\\/10\\\/1080-by-720-pixel-News.avif\",\"datePublished\":\"2019-10-08T08:23:46+00:00\",\"description\":\"\u201c5'inci Uluslararas\u0131 \u0130stanbul Arap\u00e7a Kitap Fuar\u0131\u201d sona erdi. Avrasya G\u00f6steri ve Sanat Merkezi'nde ger\u00e7ekle\u015fen fura 15 \u00fclkeden 200 \u00fczerinde yay\u0131nevi\",\"breadcrumb\":{\"@id\":\"https:\\\/\\\/ataarelief.org\\\/tr\\\/ataa-insani-yardimlasma-dernegi-uluslararasi-arapca-kitap-fuarina-katildi\\\/#breadcrumb\"},\"inLanguage\":\"tr\",\"potentialAction\":[{\"@type\":\"ReadAction\",\"target\":[\"https:\\\/\\\/ataarelief.org\\\/tr\\\/ataa-insani-yardimlasma-dernegi-uluslararasi-arapca-kitap-fuarina-katildi\\\/\"]}]},{\"@type\":\"ImageObject\",\"inLanguage\":\"tr\",\"@id\":\"https:\\\/\\\/ataarelief.org\\\/tr\\\/ataa-insani-yardimlasma-dernegi-uluslararasi-arapca-kitap-fuarina-katildi\\\/#primaryimage\",\"url\":\"https:\\\/\\\/ataarelief.org\\\/wp-content\\\/uploads\\\/2019\\\/10\\\/1080-by-720-pixel-News.avif\",\"contentUrl\":\"https:\\\/\\\/ataarelief.org\\\/wp-content\\\/uploads\\\/2019\\\/10\\\/1080-by-720-pixel-News.avif\",\"width\":1080,\"height\":720},{\"@type\":\"BreadcrumbList\",\"@id\":\"https:\\\/\\\/ataarelief.org\\\/tr\\\/ataa-insani-yardimlasma-dernegi-uluslararasi-arapca-kitap-fuarina-katildi\\\/#breadcrumb\",\"itemListElement\":[{\"@type\":\"ListItem\",\"position\":1,\"name\":\"Home\",\"item\":\"https:\\\/\\\/ataarelief.org\\\/tr\\\/\"},{\"@type\":\"ListItem\",\"position\":2,\"name\":\"ATAA \u0130nsani Yard\u0131mla\u015fma Derne\u011fi Uluslararas\u0131 Arap\u00e7a Kitap Fuar\u0131na Kat\u0131ld\u0131\"}]},{\"@type\":\"WebSite\",\"@id\":\"https:\\\/\\\/ataarelief.org\\\/tr\\\/#website\",\"url\":\"https:\\\/\\\/ataarelief.org\\\/tr\\\/\",\"name\":\"Ataa Relief\",\"description\":\"\",\"publisher\":{\"@id\":\"https:\\\/\\\/ataarelief.org\\\/tr\\\/#organization\"},\"alternateName\":\"Ataa\",\"potentialAction\":[{\"@type\":\"SearchAction\",\"target\":{\"@type\":\"EntryPoint\",\"urlTemplate\":\"https:\\\/\\\/ataarelief.org\\\/tr\\\/?s={search_term_string}\"},\"query-input\":{\"@type\":\"PropertyValueSpecification\",\"valueRequired\":true,\"valueName\":\"search_term_string\"}}],\"inLanguage\":\"tr\"},{\"@type\":\"Organization\",\"@id\":\"https:\\\/\\\/ataarelief.org\\\/tr\\\/#organization\",\"name\":\"Ataa Relief\",\"alternateName\":\"\u062c\u0645\u0639\u064a\u0629 \u0639\u0637\u0627\u0621 \u0644\u0644\u0625\u063a\u0627\u062b\u0629 \u0627\u0644\u0625\u0646\u0633\u0627\u0646\u064a\u0629\",\"url\":\"https:\\\/\\\/ataarelief.org\\\/tr\\\/\",\"logo\":{\"@type\":\"ImageObject\",\"inLanguage\":\"tr\",\"@id\":\"https:\\\/\\\/ataarelief.org\\\/tr\\\/#\\\/schema\\\/logo\\\/image\\\/\",\"url\":\"https:\\\/\\\/ataarelief.org\\\/wp-content\\\/uploads\\\/2020\\\/09\\\/ATAA-logo.svg\",\"contentUrl\":\"https:\\\/\\\/ataarelief.org\\\/wp-content\\\/uploads\\\/2020\\\/09\\\/ATAA-logo.svg\",\"width\":558,\"height\":769,\"caption\":\"Ataa Relief\"},\"image\":{\"@id\":\"https:\\\/\\\/ataarelief.org\\\/tr\\\/#\\\/schema\\\/logo\\\/image\\\/\"},\"sameAs\":[\"https:\\\/\\\/www.facebook.com\\\/AtaaRelief\",\"https:\\\/\\\/x.com\\\/AtaaRelief\",\"https:\\\/\\\/www.instagram.com\\\/ataarelief\\\/\",\"https:\\\/\\\/www.youtube.com\\\/channel\\\/UCiavrRLhS6NbhvyLtRkocuw\",\"https:\\\/\\\/www.linkedin.com\\\/company\\\/ataarelief1\\\/\"],\"description\":\"A non-profit humanitarian organization registered in Turkey. It was established in early 2013 to provide humanitarian relief to the needy and afflicted.\",\"email\":\"info@ataarelief.org\",\"telephone\":\"+902126358904\",\"publishingPrinciples\":\"https:\\\/\\\/ataarelief.org\\\/where-we-work\\\/\",\"ownershipFundingInfo\":\"https:\\\/\\\/ataarelief.org\\\/about-us\\\/\",\"actionableFeedbackPolicy\":\"https:\\\/\\\/ataarelief.org\\\/humanitarian-action-charter\\\/\",\"correctionsPolicy\":\"https:\\\/\\\/ataarelief.org\\\/privacy-policy\\\/\",\"ethicsPolicy\":\"https:\\\/\\\/ataarelief.org\\\/humanitarian-action-charter\\\/\",\"diversityPolicy\":\"https:\\\/\\\/ataarelief.org\\\/terms-of-use\\\/\",\"diversityStaffingReport\":\"https:\\\/\\\/ataarelief.org\\\/join-us\\\/\"},{\"@type\":\"Person\",\"@id\":\"https:\\\/\\\/ataarelief.org\\\/tr\\\/#\\\/schema\\\/person\\\/09a0d14430b68c98bfdcbed7984ad9c4\",\"name\":\"muhammed.kernibo\",\"image\":{\"@type\":\"ImageObject\",\"inLanguage\":\"tr\",\"@id\":\"https:\\\/\\\/secure.gravatar.com\\\/avatar\\\/7d157d3d220f2ec3b8fddc02bba997f1b7ef00a3bf34f2b7ec01b7482f5cd0f0?s=96&d=mm&r=g\",\"url\":\"https:\\\/\\\/secure.gravatar.com\\\/avatar\\\/7d157d3d220f2ec3b8fddc02bba997f1b7ef00a3bf34f2b7ec01b7482f5cd0f0?s=96&d=mm&r=g\",\"contentUrl\":\"https:\\\/\\\/secure.gravatar.com\\\/avatar\\\/7d157d3d220f2ec3b8fddc02bba997f1b7ef00a3bf34f2b7ec01b7482f5cd0f0?s=96&d=mm&r=g\",\"caption\":\"muhammed.kernibo\"}}]}<\/script>\n<!-- \/ Yoast SEO Premium plugin. -->","yoast_head_json":{"title":"ATAA \u0130nsani Yard\u0131mla\u015fma Derne\u011fi Uluslararas\u0131 Arap\u00e7a Kitap Fuar\u0131na Kat\u0131ld\u0131 ATAA RELIEF","description":"\u201c5'inci Uluslararas\u0131 \u0130stanbul Arap\u00e7a Kitap Fuar\u0131\u201d sona erdi. Avrasya G\u00f6steri ve Sanat Merkezi'nde ger\u00e7ekle\u015fen fura 15 \u00fclkeden 200 \u00fczerinde yay\u0131nevi","robots":{"index":"index","follow":"follow","max-snippet":"max-snippet:-1","max-image-preview":"max-image-preview:large","max-video-preview":"max-video-preview:-1"},"canonical":"https:\/\/ataarelief.org\/tr\/ataa-insani-yardimlasma-dernegi-uluslararasi-arapca-kitap-fuarina-katildi\/","og_locale":"tr_TR","og_type":"article","og_title":"ATAA \u0130nsani Yard\u0131mla\u015fma Derne\u011fi Uluslararas\u0131 Arap\u00e7a Kitap Fuar\u0131na Kat\u0131ld\u0131","og_description":"\u201c5'inci Uluslararas\u0131 \u0130stanbul Arap\u00e7a Kitap Fuar\u0131\u201d sona erdi. Avrasya G\u00f6steri ve Sanat Merkezi'nde ger\u00e7ekle\u015fen fura 15 \u00fclkeden 200 \u00fczerinde yay\u0131nevi","og_url":"https:\/\/ataarelief.org\/tr\/ataa-insani-yardimlasma-dernegi-uluslararasi-arapca-kitap-fuarina-katildi\/","og_site_name":"ATAA RELIEF","article_publisher":"https:\/\/www.facebook.com\/AtaaRelief","article_published_time":"2019-10-08T08:23:46+00:00","og_image":[{"width":1080,"height":720,"url":"https:\/\/ataarelief.org\/wp-content\/uploads\/2019\/10\/1080-by-720-pixel-News.jpg","type":"image\/jpeg"}],"author":"muhammed.kernibo","twitter_card":"summary_large_image","twitter_creator":"@AtaaRelief","twitter_site":"@AtaaRelief","twitter_misc":{"Yazan:":"muhammed.kernibo"},"schema":{"@context":"https:\/\/schema.org","@graph":[{"@type":"Article","@id":"https:\/\/ataarelief.org\/tr\/ataa-insani-yardimlasma-dernegi-uluslararasi-arapca-kitap-fuarina-katildi\/#article","isPartOf":{"@id":"https:\/\/ataarelief.org\/tr\/ataa-insani-yardimlasma-dernegi-uluslararasi-arapca-kitap-fuarina-katildi\/"},"author":{"name":"muhammed.kernibo","@id":"https:\/\/ataarelief.org\/tr\/#\/schema\/person\/09a0d14430b68c98bfdcbed7984ad9c4"},"headline":"ATAA \u0130nsani Yard\u0131mla\u015fma Derne\u011fi Uluslararas\u0131 Arap\u00e7a Kitap Fuar\u0131na Kat\u0131ld\u0131","datePublished":"2019-10-08T08:23:46+00:00","mainEntityOfPage":{"@id":"https:\/\/ataarelief.org\/tr\/ataa-insani-yardimlasma-dernegi-uluslararasi-arapca-kitap-fuarina-katildi\/"},"wordCount":115,"publisher":{"@id":"https:\/\/ataarelief.org\/tr\/#organization"},"image":{"@id":"https:\/\/ataarelief.org\/tr\/ataa-insani-yardimlasma-dernegi-uluslararasi-arapca-kitap-fuarina-katildi\/#primaryimage"},"thumbnailUrl":"https:\/\/ataarelief.org\/wp-content\/uploads\/2019\/10\/1080-by-720-pixel-News.avif","keywords":["ATAA"],"articleSection":["E\u011fitim","Haberler"],"inLanguage":"tr"},{"@type":"WebPage","@id":"https:\/\/ataarelief.org\/tr\/ataa-insani-yardimlasma-dernegi-uluslararasi-arapca-kitap-fuarina-katildi\/","url":"https:\/\/ataarelief.org\/tr\/ataa-insani-yardimlasma-dernegi-uluslararasi-arapca-kitap-fuarina-katildi\/","name":"ATAA \u0130nsani Yard\u0131mla\u015fma Derne\u011fi Uluslararas\u0131 Arap\u00e7a Kitap Fuar\u0131na Kat\u0131ld\u0131 ATAA RELIEF","isPartOf":{"@id":"https:\/\/ataarelief.org\/tr\/#website"},"primaryImageOfPage":{"@id":"https:\/\/ataarelief.org\/tr\/ataa-insani-yardimlasma-dernegi-uluslararasi-arapca-kitap-fuarina-katildi\/#primaryimage"},"image":{"@id":"https:\/\/ataarelief.org\/tr\/ataa-insani-yardimlasma-dernegi-uluslararasi-arapca-kitap-fuarina-katildi\/#primaryimage"},"thumbnailUrl":"https:\/\/ataarelief.org\/wp-content\/uploads\/2019\/10\/1080-by-720-pixel-News.avif","datePublished":"2019-10-08T08:23:46+00:00","description":"\u201c5'inci Uluslararas\u0131 \u0130stanbul Arap\u00e7a Kitap Fuar\u0131\u201d sona erdi. Avrasya G\u00f6steri ve Sanat Merkezi'nde ger\u00e7ekle\u015fen fura 15 \u00fclkeden 200 \u00fczerinde yay\u0131nevi","breadcrumb":{"@id":"https:\/\/ataarelief.org\/tr\/ataa-insani-yardimlasma-dernegi-uluslararasi-arapca-kitap-fuarina-katildi\/#breadcrumb"},"inLanguage":"tr","potentialAction":[{"@type":"ReadAction","target":["https:\/\/ataarelief.org\/tr\/ataa-insani-yardimlasma-dernegi-uluslararasi-arapca-kitap-fuarina-katildi\/"]}]},{"@type":"ImageObject","inLanguage":"tr","@id":"https:\/\/ataarelief.org\/tr\/ataa-insani-yardimlasma-dernegi-uluslararasi-arapca-kitap-fuarina-katildi\/#primaryimage","url":"https:\/\/ataarelief.org\/wp-content\/uploads\/2019\/10\/1080-by-720-pixel-News.avif","contentUrl":"https:\/\/ataarelief.org\/wp-content\/uploads\/2019\/10\/1080-by-720-pixel-News.avif","width":1080,"height":720},{"@type":"BreadcrumbList","@id":"https:\/\/ataarelief.org\/tr\/ataa-insani-yardimlasma-dernegi-uluslararasi-arapca-kitap-fuarina-katildi\/#breadcrumb","itemListElement":[{"@type":"ListItem","position":1,"name":"Home","item":"https:\/\/ataarelief.org\/tr\/"},{"@type":"ListItem","position":2,"name":"ATAA \u0130nsani Yard\u0131mla\u015fma Derne\u011fi Uluslararas\u0131 Arap\u00e7a Kitap Fuar\u0131na Kat\u0131ld\u0131"}]},{"@type":"WebSite","@id":"https:\/\/ataarelief.org\/tr\/#website","url":"https:\/\/ataarelief.org\/tr\/","name":"Ataa Relief","description":"","publisher":{"@id":"https:\/\/ataarelief.org\/tr\/#organization"},"alternateName":"Ataa","potentialAction":[{"@type":"SearchAction","target":{"@type":"EntryPoint","urlTemplate":"https:\/\/ataarelief.org\/tr\/?s={search_term_string}"},"query-input":{"@type":"PropertyValueSpecification","valueRequired":true,"valueName":"search_term_string"}}],"inLanguage":"tr"},{"@type":"Organization","@id":"https:\/\/ataarelief.org\/tr\/#organization","name":"Ataa Relief","alternateName":"\u062c\u0645\u0639\u064a\u0629 \u0639\u0637\u0627\u0621 \u0644\u0644\u0625\u063a\u0627\u062b\u0629 \u0627\u0644\u0625\u0646\u0633\u0627\u0646\u064a\u0629","url":"https:\/\/ataarelief.org\/tr\/","logo":{"@type":"ImageObject","inLanguage":"tr","@id":"https:\/\/ataarelief.org\/tr\/#\/schema\/logo\/image\/","url":"https:\/\/ataarelief.org\/wp-content\/uploads\/2020\/09\/ATAA-logo.svg","contentUrl":"https:\/\/ataarelief.org\/wp-content\/uploads\/2020\/09\/ATAA-logo.svg","width":558,"height":769,"caption":"Ataa Relief"},"image":{"@id":"https:\/\/ataarelief.org\/tr\/#\/schema\/logo\/image\/"},"sameAs":["https:\/\/www.facebook.com\/AtaaRelief","https:\/\/x.com\/AtaaRelief","https:\/\/www.instagram.com\/ataarelief\/","https:\/\/www.youtube.com\/channel\/UCiavrRLhS6NbhvyLtRkocuw","https:\/\/www.linkedin.com\/company\/ataarelief1\/"],"description":"A non-profit humanitarian organization registered in Turkey. It was established in early 2013 to provide humanitarian relief to the needy and afflicted.","email":"info@ataarelief.org","telephone":"+902126358904","publishingPrinciples":"https:\/\/ataarelief.org\/where-we-work\/","ownershipFundingInfo":"https:\/\/ataarelief.org\/about-us\/","actionableFeedbackPolicy":"https:\/\/ataarelief.org\/humanitarian-action-charter\/","correctionsPolicy":"https:\/\/ataarelief.org\/privacy-policy\/","ethicsPolicy":"https:\/\/ataarelief.org\/humanitarian-action-charter\/","diversityPolicy":"https:\/\/ataarelief.org\/terms-of-use\/","diversityStaffingReport":"https:\/\/ataarelief.org\/join-us\/"},{"@type":"Person","@id":"https:\/\/ataarelief.org\/tr\/#\/schema\/person\/09a0d14430b68c98bfdcbed7984ad9c4","name":"muhammed.kernibo","image":{"@type":"ImageObject","inLanguage":"tr","@id":"https:\/\/secure.gravatar.com\/avatar\/7d157d3d220f2ec3b8fddc02bba997f1b7ef00a3bf34f2b7ec01b7482f5cd0f0?s=96&d=mm&r=g","url":"https:\/\/secure.gravatar.com\/avatar\/7d157d3d220f2ec3b8fddc02bba997f1b7ef00a3bf34f2b7ec01b7482f5cd0f0?s=96&d=mm&r=g","contentUrl":"https:\/\/secure.gravatar.com\/avatar\/7d157d3d220f2ec3b8fddc02bba997f1b7ef00a3bf34f2b7ec01b7482f5cd0f0?s=96&d=mm&r=g","caption":"muhammed.kernibo"}}]}},"_links":{"self":[{"href":"https:\/\/ataarelief.org\/tr\/wp-json\/wp\/v2\/posts\/10919","targetHints":{"allow":["GET"]}}],"collection":[{"href":"https:\/\/ataarelief.org\/tr\/wp-json\/wp\/v2\/posts"}],"about":[{"href":"https:\/\/ataarelief.org\/tr\/wp-json\/wp\/v2\/types\/post"}],"author":[{"embeddable":true,"href":"https:\/\/ataarelief.org\/tr\/wp-json\/wp\/v2\/users\/5"}],"replies":[{"embeddable":true,"href":"https:\/\/ataarelief.org\/tr\/wp-json\/wp\/v2\/comments?post=10919"}],"version-history":[{"count":0,"href":"https:\/\/ataarelief.org\/tr\/wp-json\/wp\/v2\/posts\/10919\/revisions"}],"wp:featuredmedia":[{"embeddable":true,"href":"https:\/\/ataarelief.org\/tr\/wp-json\/wp\/v2\/media\/7319"}],"wp:attachment":[{"href":"https:\/\/ataarelief.org\/tr\/wp-json\/wp\/v2\/media?parent=10919"}],"wp:term":[{"taxonomy":"category","embeddable":true,"href":"https:\/\/ataarelief.org\/tr\/wp-json\/wp\/v2\/categories?post=10919"},{"taxonomy":"post_tag","embeddable":true,"href":"https:\/\/ataarelief.org\/tr\/wp-json\/wp\/v2\/tags?post=10919"}],"curies":[{"name":"wp","href":"https:\/\/api.w.org\/{rel}","templated":true}]}}