{"id":10901,"date":"2019-07-19T06:49:16","date_gmt":"2019-07-19T06:49:16","guid":{"rendered":"https:\/\/ataa.kuarkz.com\/sanliurfa-valiligi-ve-ataa-dernegi-arasinda-okul-insasi-icin-protokol-imzalandi\/"},"modified":"2019-07-19T06:49:16","modified_gmt":"2019-07-19T06:49:16","slug":"sanliurfa-valiligi-ve-ataa-dernegi-arasinda-okul-insasi-icin-protokol-imzalandi","status":"publish","type":"post","link":"https:\/\/ataarelief.org\/tr\/sanliurfa-valiligi-ve-ataa-dernegi-arasinda-okul-insasi-icin-protokol-imzalandi\/","title":{"rendered":"\u015eanl\u0131urfa Valili\u011fi ve ATAA Derne\u011fi Aras\u0131nda Okul \u0130n\u015fas\u0131 \u0130\u00e7in Protokol \u0130mzaland\u0131"},"content":{"rendered":"<p><strong>\u015eanl\u0131urfa Valili\u011fi ve ATAA Derne\u011fi Okul \u0130n\u015fas\u0131 \u0130\u00e7in Protokol \u0130mzaland\u0131 <\/strong><\/p>\n<p><strong>\u00a0<\/strong><\/p>\n<p>\u015eanl\u0131urfa Valili\u011fi\u00a0ile ATAA \u0130nsani Yard\u0131mla\u015fma Derne\u011fi aras\u0131nda 24 derslikli ortokul yap\u0131m\u0131 i\u00e7in protokol imzaland\u0131. Valilik toplant\u0131 salonunda ger\u00e7ekle\u015ftirilen protokol imza t\u00f6renine \u015eanl\u0131urfa Valisi Abdullah Erin, \u0130l Milli E\u011fitim M\u00fcd\u00fcr\u00fc \u0130smail Yap\u0131c\u0131er ile Dernek Ba\u015fkan\u0131\u0131m\u0131z Marvan Abdullah, Genel Sekreterimiz Muhammed Akta ve dernek y\u00f6neticilerimiz kat\u0131ld\u0131.<\/p>\n<p>&nbsp;<\/p>\n<p>Protokol imza t\u00f6reninde konu\u015fan Vali Abdullah Erin, ATAA Derne\u011fine \u015eanl\u0131urfal\u0131 ve Suriyeli \u00e7ocuklar\u0131n e\u011fitim \u00f6\u011fretimlerini daha kaliteli bir \u015fekilde almalar\u0131na y\u00f6nelik g\u00f6sterdikleri destek ve duyarl\u0131l\u0131ktan dolay\u0131 te\u015fekk\u00fcr etti. \u201cATAA Derne\u011fi y\u00f6neticilerine ve \u015eanl\u0131urfa\u2019daki temsilcileri ile eme\u011fi ge\u00e7en karde\u015flerimize, hem \u015eanl\u0131urfal\u0131lar hem de burada ya\u015fayan Suriyeli karde\u015flerimiz ad\u0131na te\u015fekk\u00fcrlerimizi iletiyoruz. \u0130n\u015fallah h\u0131zl\u0131 bir \u015fekilde, kazas\u0131z belas\u0131z bitirir, a\u00e7\u0131l\u0131\u015f\u0131n\u0131 da beraber yapar\u0131z. Hem Suriyeli hem Urfal\u0131 \u00e7ocuklar\u0131m\u0131z\u0131n orada e\u011fitim \u00f6\u011fretim g\u00f6rd\u00fckleri yuvay\u0131 da birlikte ziyaret etme f\u0131rsat\u0131 buluruz\u201d dedi.<\/p>\n","protected":false},"excerpt":{"rendered":"<p>\u015eanl\u0131urfa Valili\u011fi ve ATAA Derne\u011fi Okul \u0130n\u015fas\u0131 \u0130\u00e7in Protokol \u0130mzaland\u0131 \u00a0 \u015eanl\u0131urfa Valili\u011fi\u00a0ile ATAA \u0130nsani Yard\u0131mla\u015fma Derne\u011fi aras\u0131nda 24 derslikli ortokul yap\u0131m\u0131 i\u00e7in protokol imzaland\u0131. Valilik toplant\u0131 salonunda ger\u00e7ekle\u015ftirilen protokol imza t\u00f6renine \u015eanl\u0131urfa Valisi Abdullah Erin, \u0130l Milli E\u011fitim M\u00fcd\u00fcr\u00fc \u0130smail Yap\u0131c\u0131er ile Dernek Ba\u015fkan\u0131\u0131m\u0131z Marvan Abdullah, Genel Sekreterimiz Muhammed Akta ve dernek y\u00f6neticilerimiz kat\u0131ld\u0131. [&hellip;]<\/p>\n","protected":false},"author":5,"featured_media":7211,"comment_status":"closed","ping_status":"closed","sticky":false,"template":"","format":"standard","meta":{"footnotes":""},"categories":[217,204],"tags":[],"class_list":["post-10901","post","type-post","status-publish","format-standard","has-post-thumbnail","hentry","category-press-releases-tr","category-news-tr"],"yoast_head":"<!-- This site is optimized with the Yoast SEO Premium plugin v26.1 (Yoast SEO v27.4) - https:\/\/yoast.com\/product\/yoast-seo-premium-wordpress\/ -->\n<title>\u015eanl\u0131urfa Valili\u011fi ve ATAA Derne\u011fi Aras\u0131nda Okul \u0130n\u015fas\u0131 \u0130\u00e7in Protokol \u0130mzaland\u0131 ATAA RELIEF<\/title>\n<meta name=\"description\" content=\"\u015eanl\u0131urfa Valili\u011fi ve ATAA Derne\u011fi Okul \u0130n\u015fas\u0131 \u0130\u00e7in Protokol \u0130mzaland\u0131 \u00a0 \u015eanl\u0131urfa Valili\u011fi\u00a0ile ATAA \u0130nsani Yard\u0131mla\u015fma Derne\u011fi aras\u0131nda 24 derslikli\" \/>\n<meta name=\"robots\" content=\"index, follow, max-snippet:-1, max-image-preview:large, max-video-preview:-1\" \/>\n<link rel=\"canonical\" href=\"https:\/\/ataarelief.org\/tr\/sanliurfa-valiligi-ve-ataa-dernegi-arasinda-okul-insasi-icin-protokol-imzalandi\/\" \/>\n<meta property=\"og:locale\" content=\"tr_TR\" \/>\n<meta property=\"og:type\" content=\"article\" \/>\n<meta property=\"og:title\" content=\"\u015eanl\u0131urfa Valili\u011fi ve ATAA Derne\u011fi Aras\u0131nda Okul \u0130n\u015fas\u0131 \u0130\u00e7in Protokol \u0130mzaland\u0131\" \/>\n<meta property=\"og:description\" content=\"\u015eanl\u0131urfa Valili\u011fi ve ATAA Derne\u011fi Okul \u0130n\u015fas\u0131 \u0130\u00e7in Protokol \u0130mzaland\u0131 \u00a0 \u015eanl\u0131urfa Valili\u011fi\u00a0ile ATAA \u0130nsani Yard\u0131mla\u015fma Derne\u011fi aras\u0131nda 24 derslikli\" \/>\n<meta property=\"og:url\" content=\"https:\/\/ataarelief.org\/tr\/sanliurfa-valiligi-ve-ataa-dernegi-arasinda-okul-insasi-icin-protokol-imzalandi\/\" \/>\n<meta property=\"og:site_name\" content=\"ATAA RELIEF\" \/>\n<meta property=\"article:publisher\" content=\"https:\/\/www.facebook.com\/AtaaRelief\" \/>\n<meta property=\"article:published_time\" content=\"2019-07-19T06:49:16+00:00\" \/>\n<meta property=\"og:image\" content=\"https:\/\/ataarelief.org\/wp-content\/uploads\/2019\/07\/1080-by-720-pixel-News-3.jpg\" \/>\n\t<meta property=\"og:image:width\" content=\"1080\" \/>\n\t<meta property=\"og:image:height\" content=\"720\" \/>\n\t<meta property=\"og:image:type\" content=\"image\/jpeg\" \/>\n<meta name=\"author\" content=\"muhammed.kernibo\" \/>\n<meta name=\"twitter:card\" content=\"summary_large_image\" \/>\n<meta name=\"twitter:creator\" content=\"@AtaaRelief\" \/>\n<meta name=\"twitter:site\" content=\"@AtaaRelief\" \/>\n<meta name=\"twitter:label1\" content=\"Yazan:\" \/>\n\t<meta name=\"twitter:data1\" content=\"muhammed.kernibo\" \/>\n\t<meta name=\"twitter:label2\" content=\"Tahmini okuma s\u00fcresi\" \/>\n\t<meta name=\"twitter:data2\" content=\"1 dakika\" \/>\n<script type=\"application\/ld+json\" class=\"yoast-schema-graph\">{\"@context\":\"https:\\\/\\\/schema.org\",\"@graph\":[{\"@type\":\"Article\",\"@id\":\"https:\\\/\\\/ataarelief.org\\\/tr\\\/sanliurfa-valiligi-ve-ataa-dernegi-arasinda-okul-insasi-icin-protokol-imzalandi\\\/#article\",\"isPartOf\":{\"@id\":\"https:\\\/\\\/ataarelief.org\\\/tr\\\/sanliurfa-valiligi-ve-ataa-dernegi-arasinda-okul-insasi-icin-protokol-imzalandi\\\/\"},\"author\":{\"name\":\"muhammed.kernibo\",\"@id\":\"https:\\\/\\\/ataarelief.org\\\/tr\\\/#\\\/schema\\\/person\\\/09a0d14430b68c98bfdcbed7984ad9c4\"},\"headline\":\"\u015eanl\u0131urfa Valili\u011fi ve ATAA Derne\u011fi Aras\u0131nda Okul \u0130n\u015fas\u0131 \u0130\u00e7in Protokol \u0130mzaland\u0131\",\"datePublished\":\"2019-07-19T06:49:16+00:00\",\"mainEntityOfPage\":{\"@id\":\"https:\\\/\\\/ataarelief.org\\\/tr\\\/sanliurfa-valiligi-ve-ataa-dernegi-arasinda-okul-insasi-icin-protokol-imzalandi\\\/\"},\"wordCount\":215,\"publisher\":{\"@id\":\"https:\\\/\\\/ataarelief.org\\\/tr\\\/#organization\"},\"image\":{\"@id\":\"https:\\\/\\\/ataarelief.org\\\/tr\\\/sanliurfa-valiligi-ve-ataa-dernegi-arasinda-okul-insasi-icin-protokol-imzalandi\\\/#primaryimage\"},\"thumbnailUrl\":\"https:\\\/\\\/ataarelief.org\\\/wp-content\\\/uploads\\\/2019\\\/07\\\/1080-by-720-pixel-News-3.avif\",\"articleSection\":[\"Bas\u0131n B\u00fcltenleri\",\"Haberler\"],\"inLanguage\":\"tr\"},{\"@type\":\"WebPage\",\"@id\":\"https:\\\/\\\/ataarelief.org\\\/tr\\\/sanliurfa-valiligi-ve-ataa-dernegi-arasinda-okul-insasi-icin-protokol-imzalandi\\\/\",\"url\":\"https:\\\/\\\/ataarelief.org\\\/tr\\\/sanliurfa-valiligi-ve-ataa-dernegi-arasinda-okul-insasi-icin-protokol-imzalandi\\\/\",\"name\":\"\u015eanl\u0131urfa Valili\u011fi ve ATAA Derne\u011fi Aras\u0131nda Okul \u0130n\u015fas\u0131 \u0130\u00e7in Protokol \u0130mzaland\u0131 ATAA RELIEF\",\"isPartOf\":{\"@id\":\"https:\\\/\\\/ataarelief.org\\\/tr\\\/#website\"},\"primaryImageOfPage\":{\"@id\":\"https:\\\/\\\/ataarelief.org\\\/tr\\\/sanliurfa-valiligi-ve-ataa-dernegi-arasinda-okul-insasi-icin-protokol-imzalandi\\\/#primaryimage\"},\"image\":{\"@id\":\"https:\\\/\\\/ataarelief.org\\\/tr\\\/sanliurfa-valiligi-ve-ataa-dernegi-arasinda-okul-insasi-icin-protokol-imzalandi\\\/#primaryimage\"},\"thumbnailUrl\":\"https:\\\/\\\/ataarelief.org\\\/wp-content\\\/uploads\\\/2019\\\/07\\\/1080-by-720-pixel-News-3.avif\",\"datePublished\":\"2019-07-19T06:49:16+00:00\",\"description\":\"\u015eanl\u0131urfa Valili\u011fi ve ATAA Derne\u011fi Okul \u0130n\u015fas\u0131 \u0130\u00e7in Protokol \u0130mzaland\u0131 \u00a0 \u015eanl\u0131urfa Valili\u011fi\u00a0ile ATAA \u0130nsani Yard\u0131mla\u015fma Derne\u011fi aras\u0131nda 24 derslikli\",\"breadcrumb\":{\"@id\":\"https:\\\/\\\/ataarelief.org\\\/tr\\\/sanliurfa-valiligi-ve-ataa-dernegi-arasinda-okul-insasi-icin-protokol-imzalandi\\\/#breadcrumb\"},\"inLanguage\":\"tr\",\"potentialAction\":[{\"@type\":\"ReadAction\",\"target\":[\"https:\\\/\\\/ataarelief.org\\\/tr\\\/sanliurfa-valiligi-ve-ataa-dernegi-arasinda-okul-insasi-icin-protokol-imzalandi\\\/\"]}]},{\"@type\":\"ImageObject\",\"inLanguage\":\"tr\",\"@id\":\"https:\\\/\\\/ataarelief.org\\\/tr\\\/sanliurfa-valiligi-ve-ataa-dernegi-arasinda-okul-insasi-icin-protokol-imzalandi\\\/#primaryimage\",\"url\":\"https:\\\/\\\/ataarelief.org\\\/wp-content\\\/uploads\\\/2019\\\/07\\\/1080-by-720-pixel-News-3.avif\",\"contentUrl\":\"https:\\\/\\\/ataarelief.org\\\/wp-content\\\/uploads\\\/2019\\\/07\\\/1080-by-720-pixel-News-3.avif\",\"width\":1080,\"height\":720},{\"@type\":\"BreadcrumbList\",\"@id\":\"https:\\\/\\\/ataarelief.org\\\/tr\\\/sanliurfa-valiligi-ve-ataa-dernegi-arasinda-okul-insasi-icin-protokol-imzalandi\\\/#breadcrumb\",\"itemListElement\":[{\"@type\":\"ListItem\",\"position\":1,\"name\":\"Home\",\"item\":\"https:\\\/\\\/ataarelief.org\\\/tr\\\/\"},{\"@type\":\"ListItem\",\"position\":2,\"name\":\"\u015eanl\u0131urfa Valili\u011fi ve ATAA Derne\u011fi Aras\u0131nda Okul \u0130n\u015fas\u0131 \u0130\u00e7in Protokol \u0130mzaland\u0131\"}]},{\"@type\":\"WebSite\",\"@id\":\"https:\\\/\\\/ataarelief.org\\\/tr\\\/#website\",\"url\":\"https:\\\/\\\/ataarelief.org\\\/tr\\\/\",\"name\":\"Ataa Relief\",\"description\":\"\",\"publisher\":{\"@id\":\"https:\\\/\\\/ataarelief.org\\\/tr\\\/#organization\"},\"alternateName\":\"Ataa\",\"potentialAction\":[{\"@type\":\"SearchAction\",\"target\":{\"@type\":\"EntryPoint\",\"urlTemplate\":\"https:\\\/\\\/ataarelief.org\\\/tr\\\/?s={search_term_string}\"},\"query-input\":{\"@type\":\"PropertyValueSpecification\",\"valueRequired\":true,\"valueName\":\"search_term_string\"}}],\"inLanguage\":\"tr\"},{\"@type\":\"Organization\",\"@id\":\"https:\\\/\\\/ataarelief.org\\\/tr\\\/#organization\",\"name\":\"Ataa Relief\",\"alternateName\":\"\u062c\u0645\u0639\u064a\u0629 \u0639\u0637\u0627\u0621 \u0644\u0644\u0625\u063a\u0627\u062b\u0629 \u0627\u0644\u0625\u0646\u0633\u0627\u0646\u064a\u0629\",\"url\":\"https:\\\/\\\/ataarelief.org\\\/tr\\\/\",\"logo\":{\"@type\":\"ImageObject\",\"inLanguage\":\"tr\",\"@id\":\"https:\\\/\\\/ataarelief.org\\\/tr\\\/#\\\/schema\\\/logo\\\/image\\\/\",\"url\":\"https:\\\/\\\/ataarelief.org\\\/wp-content\\\/uploads\\\/2020\\\/09\\\/ATAA-logo.svg\",\"contentUrl\":\"https:\\\/\\\/ataarelief.org\\\/wp-content\\\/uploads\\\/2020\\\/09\\\/ATAA-logo.svg\",\"width\":558,\"height\":769,\"caption\":\"Ataa Relief\"},\"image\":{\"@id\":\"https:\\\/\\\/ataarelief.org\\\/tr\\\/#\\\/schema\\\/logo\\\/image\\\/\"},\"sameAs\":[\"https:\\\/\\\/www.facebook.com\\\/AtaaRelief\",\"https:\\\/\\\/x.com\\\/AtaaRelief\",\"https:\\\/\\\/www.instagram.com\\\/ataarelief\\\/\",\"https:\\\/\\\/www.youtube.com\\\/channel\\\/UCiavrRLhS6NbhvyLtRkocuw\",\"https:\\\/\\\/www.linkedin.com\\\/company\\\/ataarelief1\\\/\"],\"description\":\"A non-profit humanitarian organization registered in Turkey. It was established in early 2013 to provide humanitarian relief to the needy and afflicted.\",\"email\":\"info@ataarelief.org\",\"telephone\":\"+902126358904\",\"publishingPrinciples\":\"https:\\\/\\\/ataarelief.org\\\/where-we-work\\\/\",\"ownershipFundingInfo\":\"https:\\\/\\\/ataarelief.org\\\/about-us\\\/\",\"actionableFeedbackPolicy\":\"https:\\\/\\\/ataarelief.org\\\/humanitarian-action-charter\\\/\",\"correctionsPolicy\":\"https:\\\/\\\/ataarelief.org\\\/privacy-policy\\\/\",\"ethicsPolicy\":\"https:\\\/\\\/ataarelief.org\\\/humanitarian-action-charter\\\/\",\"diversityPolicy\":\"https:\\\/\\\/ataarelief.org\\\/terms-of-use\\\/\",\"diversityStaffingReport\":\"https:\\\/\\\/ataarelief.org\\\/join-us\\\/\"},{\"@type\":\"Person\",\"@id\":\"https:\\\/\\\/ataarelief.org\\\/tr\\\/#\\\/schema\\\/person\\\/09a0d14430b68c98bfdcbed7984ad9c4\",\"name\":\"muhammed.kernibo\",\"image\":{\"@type\":\"ImageObject\",\"inLanguage\":\"tr\",\"@id\":\"https:\\\/\\\/secure.gravatar.com\\\/avatar\\\/7d157d3d220f2ec3b8fddc02bba997f1b7ef00a3bf34f2b7ec01b7482f5cd0f0?s=96&d=mm&r=g\",\"url\":\"https:\\\/\\\/secure.gravatar.com\\\/avatar\\\/7d157d3d220f2ec3b8fddc02bba997f1b7ef00a3bf34f2b7ec01b7482f5cd0f0?s=96&d=mm&r=g\",\"contentUrl\":\"https:\\\/\\\/secure.gravatar.com\\\/avatar\\\/7d157d3d220f2ec3b8fddc02bba997f1b7ef00a3bf34f2b7ec01b7482f5cd0f0?s=96&d=mm&r=g\",\"caption\":\"muhammed.kernibo\"}}]}<\/script>\n<!-- \/ Yoast SEO Premium plugin. -->","yoast_head_json":{"title":"\u015eanl\u0131urfa Valili\u011fi ve ATAA Derne\u011fi Aras\u0131nda Okul \u0130n\u015fas\u0131 \u0130\u00e7in Protokol \u0130mzaland\u0131 ATAA RELIEF","description":"\u015eanl\u0131urfa Valili\u011fi ve ATAA Derne\u011fi Okul \u0130n\u015fas\u0131 \u0130\u00e7in Protokol \u0130mzaland\u0131 \u00a0 \u015eanl\u0131urfa Valili\u011fi\u00a0ile ATAA \u0130nsani Yard\u0131mla\u015fma Derne\u011fi aras\u0131nda 24 derslikli","robots":{"index":"index","follow":"follow","max-snippet":"max-snippet:-1","max-image-preview":"max-image-preview:large","max-video-preview":"max-video-preview:-1"},"canonical":"https:\/\/ataarelief.org\/tr\/sanliurfa-valiligi-ve-ataa-dernegi-arasinda-okul-insasi-icin-protokol-imzalandi\/","og_locale":"tr_TR","og_type":"article","og_title":"\u015eanl\u0131urfa Valili\u011fi ve ATAA Derne\u011fi Aras\u0131nda Okul \u0130n\u015fas\u0131 \u0130\u00e7in Protokol \u0130mzaland\u0131","og_description":"\u015eanl\u0131urfa Valili\u011fi ve ATAA Derne\u011fi Okul \u0130n\u015fas\u0131 \u0130\u00e7in Protokol \u0130mzaland\u0131 \u00a0 \u015eanl\u0131urfa Valili\u011fi\u00a0ile ATAA \u0130nsani Yard\u0131mla\u015fma Derne\u011fi aras\u0131nda 24 derslikli","og_url":"https:\/\/ataarelief.org\/tr\/sanliurfa-valiligi-ve-ataa-dernegi-arasinda-okul-insasi-icin-protokol-imzalandi\/","og_site_name":"ATAA RELIEF","article_publisher":"https:\/\/www.facebook.com\/AtaaRelief","article_published_time":"2019-07-19T06:49:16+00:00","og_image":[{"width":1080,"height":720,"url":"https:\/\/ataarelief.org\/wp-content\/uploads\/2019\/07\/1080-by-720-pixel-News-3.jpg","type":"image\/jpeg"}],"author":"muhammed.kernibo","twitter_card":"summary_large_image","twitter_creator":"@AtaaRelief","twitter_site":"@AtaaRelief","twitter_misc":{"Yazan:":"muhammed.kernibo","Tahmini okuma s\u00fcresi":"1 dakika"},"schema":{"@context":"https:\/\/schema.org","@graph":[{"@type":"Article","@id":"https:\/\/ataarelief.org\/tr\/sanliurfa-valiligi-ve-ataa-dernegi-arasinda-okul-insasi-icin-protokol-imzalandi\/#article","isPartOf":{"@id":"https:\/\/ataarelief.org\/tr\/sanliurfa-valiligi-ve-ataa-dernegi-arasinda-okul-insasi-icin-protokol-imzalandi\/"},"author":{"name":"muhammed.kernibo","@id":"https:\/\/ataarelief.org\/tr\/#\/schema\/person\/09a0d14430b68c98bfdcbed7984ad9c4"},"headline":"\u015eanl\u0131urfa Valili\u011fi ve ATAA Derne\u011fi Aras\u0131nda Okul \u0130n\u015fas\u0131 \u0130\u00e7in Protokol \u0130mzaland\u0131","datePublished":"2019-07-19T06:49:16+00:00","mainEntityOfPage":{"@id":"https:\/\/ataarelief.org\/tr\/sanliurfa-valiligi-ve-ataa-dernegi-arasinda-okul-insasi-icin-protokol-imzalandi\/"},"wordCount":215,"publisher":{"@id":"https:\/\/ataarelief.org\/tr\/#organization"},"image":{"@id":"https:\/\/ataarelief.org\/tr\/sanliurfa-valiligi-ve-ataa-dernegi-arasinda-okul-insasi-icin-protokol-imzalandi\/#primaryimage"},"thumbnailUrl":"https:\/\/ataarelief.org\/wp-content\/uploads\/2019\/07\/1080-by-720-pixel-News-3.avif","articleSection":["Bas\u0131n B\u00fcltenleri","Haberler"],"inLanguage":"tr"},{"@type":"WebPage","@id":"https:\/\/ataarelief.org\/tr\/sanliurfa-valiligi-ve-ataa-dernegi-arasinda-okul-insasi-icin-protokol-imzalandi\/","url":"https:\/\/ataarelief.org\/tr\/sanliurfa-valiligi-ve-ataa-dernegi-arasinda-okul-insasi-icin-protokol-imzalandi\/","name":"\u015eanl\u0131urfa Valili\u011fi ve ATAA Derne\u011fi Aras\u0131nda Okul \u0130n\u015fas\u0131 \u0130\u00e7in Protokol \u0130mzaland\u0131 ATAA RELIEF","isPartOf":{"@id":"https:\/\/ataarelief.org\/tr\/#website"},"primaryImageOfPage":{"@id":"https:\/\/ataarelief.org\/tr\/sanliurfa-valiligi-ve-ataa-dernegi-arasinda-okul-insasi-icin-protokol-imzalandi\/#primaryimage"},"image":{"@id":"https:\/\/ataarelief.org\/tr\/sanliurfa-valiligi-ve-ataa-dernegi-arasinda-okul-insasi-icin-protokol-imzalandi\/#primaryimage"},"thumbnailUrl":"https:\/\/ataarelief.org\/wp-content\/uploads\/2019\/07\/1080-by-720-pixel-News-3.avif","datePublished":"2019-07-19T06:49:16+00:00","description":"\u015eanl\u0131urfa Valili\u011fi ve ATAA Derne\u011fi Okul \u0130n\u015fas\u0131 \u0130\u00e7in Protokol \u0130mzaland\u0131 \u00a0 \u015eanl\u0131urfa Valili\u011fi\u00a0ile ATAA \u0130nsani Yard\u0131mla\u015fma Derne\u011fi aras\u0131nda 24 derslikli","breadcrumb":{"@id":"https:\/\/ataarelief.org\/tr\/sanliurfa-valiligi-ve-ataa-dernegi-arasinda-okul-insasi-icin-protokol-imzalandi\/#breadcrumb"},"inLanguage":"tr","potentialAction":[{"@type":"ReadAction","target":["https:\/\/ataarelief.org\/tr\/sanliurfa-valiligi-ve-ataa-dernegi-arasinda-okul-insasi-icin-protokol-imzalandi\/"]}]},{"@type":"ImageObject","inLanguage":"tr","@id":"https:\/\/ataarelief.org\/tr\/sanliurfa-valiligi-ve-ataa-dernegi-arasinda-okul-insasi-icin-protokol-imzalandi\/#primaryimage","url":"https:\/\/ataarelief.org\/wp-content\/uploads\/2019\/07\/1080-by-720-pixel-News-3.avif","contentUrl":"https:\/\/ataarelief.org\/wp-content\/uploads\/2019\/07\/1080-by-720-pixel-News-3.avif","width":1080,"height":720},{"@type":"BreadcrumbList","@id":"https:\/\/ataarelief.org\/tr\/sanliurfa-valiligi-ve-ataa-dernegi-arasinda-okul-insasi-icin-protokol-imzalandi\/#breadcrumb","itemListElement":[{"@type":"ListItem","position":1,"name":"Home","item":"https:\/\/ataarelief.org\/tr\/"},{"@type":"ListItem","position":2,"name":"\u015eanl\u0131urfa Valili\u011fi ve ATAA Derne\u011fi Aras\u0131nda Okul \u0130n\u015fas\u0131 \u0130\u00e7in Protokol \u0130mzaland\u0131"}]},{"@type":"WebSite","@id":"https:\/\/ataarelief.org\/tr\/#website","url":"https:\/\/ataarelief.org\/tr\/","name":"Ataa Relief","description":"","publisher":{"@id":"https:\/\/ataarelief.org\/tr\/#organization"},"alternateName":"Ataa","potentialAction":[{"@type":"SearchAction","target":{"@type":"EntryPoint","urlTemplate":"https:\/\/ataarelief.org\/tr\/?s={search_term_string}"},"query-input":{"@type":"PropertyValueSpecification","valueRequired":true,"valueName":"search_term_string"}}],"inLanguage":"tr"},{"@type":"Organization","@id":"https:\/\/ataarelief.org\/tr\/#organization","name":"Ataa Relief","alternateName":"\u062c\u0645\u0639\u064a\u0629 \u0639\u0637\u0627\u0621 \u0644\u0644\u0625\u063a\u0627\u062b\u0629 \u0627\u0644\u0625\u0646\u0633\u0627\u0646\u064a\u0629","url":"https:\/\/ataarelief.org\/tr\/","logo":{"@type":"ImageObject","inLanguage":"tr","@id":"https:\/\/ataarelief.org\/tr\/#\/schema\/logo\/image\/","url":"https:\/\/ataarelief.org\/wp-content\/uploads\/2020\/09\/ATAA-logo.svg","contentUrl":"https:\/\/ataarelief.org\/wp-content\/uploads\/2020\/09\/ATAA-logo.svg","width":558,"height":769,"caption":"Ataa Relief"},"image":{"@id":"https:\/\/ataarelief.org\/tr\/#\/schema\/logo\/image\/"},"sameAs":["https:\/\/www.facebook.com\/AtaaRelief","https:\/\/x.com\/AtaaRelief","https:\/\/www.instagram.com\/ataarelief\/","https:\/\/www.youtube.com\/channel\/UCiavrRLhS6NbhvyLtRkocuw","https:\/\/www.linkedin.com\/company\/ataarelief1\/"],"description":"A non-profit humanitarian organization registered in Turkey. It was established in early 2013 to provide humanitarian relief to the needy and afflicted.","email":"info@ataarelief.org","telephone":"+902126358904","publishingPrinciples":"https:\/\/ataarelief.org\/where-we-work\/","ownershipFundingInfo":"https:\/\/ataarelief.org\/about-us\/","actionableFeedbackPolicy":"https:\/\/ataarelief.org\/humanitarian-action-charter\/","correctionsPolicy":"https:\/\/ataarelief.org\/privacy-policy\/","ethicsPolicy":"https:\/\/ataarelief.org\/humanitarian-action-charter\/","diversityPolicy":"https:\/\/ataarelief.org\/terms-of-use\/","diversityStaffingReport":"https:\/\/ataarelief.org\/join-us\/"},{"@type":"Person","@id":"https:\/\/ataarelief.org\/tr\/#\/schema\/person\/09a0d14430b68c98bfdcbed7984ad9c4","name":"muhammed.kernibo","image":{"@type":"ImageObject","inLanguage":"tr","@id":"https:\/\/secure.gravatar.com\/avatar\/7d157d3d220f2ec3b8fddc02bba997f1b7ef00a3bf34f2b7ec01b7482f5cd0f0?s=96&d=mm&r=g","url":"https:\/\/secure.gravatar.com\/avatar\/7d157d3d220f2ec3b8fddc02bba997f1b7ef00a3bf34f2b7ec01b7482f5cd0f0?s=96&d=mm&r=g","contentUrl":"https:\/\/secure.gravatar.com\/avatar\/7d157d3d220f2ec3b8fddc02bba997f1b7ef00a3bf34f2b7ec01b7482f5cd0f0?s=96&d=mm&r=g","caption":"muhammed.kernibo"}}]}},"_links":{"self":[{"href":"https:\/\/ataarelief.org\/tr\/wp-json\/wp\/v2\/posts\/10901","targetHints":{"allow":["GET"]}}],"collection":[{"href":"https:\/\/ataarelief.org\/tr\/wp-json\/wp\/v2\/posts"}],"about":[{"href":"https:\/\/ataarelief.org\/tr\/wp-json\/wp\/v2\/types\/post"}],"author":[{"embeddable":true,"href":"https:\/\/ataarelief.org\/tr\/wp-json\/wp\/v2\/users\/5"}],"replies":[{"embeddable":true,"href":"https:\/\/ataarelief.org\/tr\/wp-json\/wp\/v2\/comments?post=10901"}],"version-history":[{"count":0,"href":"https:\/\/ataarelief.org\/tr\/wp-json\/wp\/v2\/posts\/10901\/revisions"}],"wp:featuredmedia":[{"embeddable":true,"href":"https:\/\/ataarelief.org\/tr\/wp-json\/wp\/v2\/media\/7211"}],"wp:attachment":[{"href":"https:\/\/ataarelief.org\/tr\/wp-json\/wp\/v2\/media?parent=10901"}],"wp:term":[{"taxonomy":"category","embeddable":true,"href":"https:\/\/ataarelief.org\/tr\/wp-json\/wp\/v2\/categories?post=10901"},{"taxonomy":"post_tag","embeddable":true,"href":"https:\/\/ataarelief.org\/tr\/wp-json\/wp\/v2\/tags?post=10901"}],"curies":[{"name":"wp","href":"https:\/\/api.w.org\/{rel}","templated":true}]}}